{"id":27413,"date":"2026-09-02T07:17:13","date_gmt":"2026-09-02T07:17:13","guid":{"rendered":"https:\/\/tjekvik.com\/blog\/tjekvik-ernennt-neuen-vorstandsvorsitzenden-um-die-expansion-des-unternehmens-ueber-den-selbstbedienungsbereich-hinaus-voranzutreiben\/"},"modified":"2026-09-02T07:20:09","modified_gmt":"2026-09-02T07:20:09","slug":"tjekvik-ernennt-neuen-vorstandsvorsitzenden-um-die-expansion-des-unternehmens-ueber-den-selbstbedienungsbereich-hinaus-voranzutreiben","status":"publish","type":"post","link":"https:\/\/tjekvik.com\/de\/blog\/tjekvik-ernennt-neuen-vorstandsvorsitzenden-um-die-expansion-des-unternehmens-ueber-den-selbstbedienungsbereich-hinaus-voranzutreiben\/","title":{"rendered":"Tjekvik ernennt neuen Vorstandsvorsitzenden, um die Expansion des Unternehmens \u00fcber den Selbstbedienungsbereich hinaus voranzutreiben"},"content":{"rendered":"\n<ul class=\"wp-block-list\">\n<li><em><a href=\"https:\/\/www.linkedin.com\/in\/martin-hogh\/\" target=\"_blank\" rel=\"noopener\" title=\"\">Martin N\u00f8rgaard H\u00f8gh<\/a> wurde zum Vorstandsvorsitzenden ernannt, um die n\u00e4chste Wachstumsphase von Tjekvik zu leiten, w\u00e4hrend das Unternehmen sein Angebot vom digitalen Ein- und Auschecken auf eine Softwareplattform ausweitet, die den gesamten After-Sales-Prozess abdeckt;<\/em> <\/li>\n<\/ul>\n\n<p class=\"wp-block-paragraph\"><\/p>\n\n<ul class=\"wp-block-list\">\n<li><em><em>Mitbegr\u00fcnder Christian Mark tritt nach zehn Jahren an der Spitze des Unternehmens von seinem Amt als Vorstandsvorsitzender zur\u00fcck; er verbleibt jedoch im Vorstand von Tjekvik und \u00fcbernimmt die Position des Direktors von Tjekvik Ventures, dem Bereich f\u00fcr Unternehmensgr\u00fcndungen der Gruppe;<\/em> <\/em><\/li>\n<\/ul>\n\n<p class=\"wp-block-paragraph\"><\/p>\n\n<ul class=\"wp-block-list\">\n<li><em><em>Diese Ernennung markiert die n\u00e4chste Etappe im Wachstumsplan des Unternehmens, der vom Mehrheitsgesellschafter Standout Capital festgelegt wurde.<\/em> <\/em><\/li>\n<\/ul>\n\n<p class=\"wp-block-paragraph\"><\/p>\n\n<hr class=\"wp-block-separator has-alpha-channel-opacity is-style-dots\"\/>\n\n<p class=\"wp-block-paragraph\"><\/p>\n\n<p class=\"wp-block-paragraph\"><strong>[KOPENHAGEN, D\u00c4NEMARK, 2. September 2026]<\/strong> \u2013 Tjekvik, dessen Selbstbedienungstechnologie das Ein- und Auschecken von Fahrzeugen bei mehr als 2.300 Vertragsh\u00e4ndlern in \u00fcber 30 L\u00e4ndern erm\u00f6glicht, hat Martin N\u00f8rgaard H\u00f8gh zum Vorstandsvorsitzenden ernannt.  <\/p>\n\n<p class=\"wp-block-paragraph\">Martin H\u00f8gh wechselte im November 2025 als Chief Revenue Officer von dem Autotelematik-Unternehmen Connected Cars zu Tjekvik. Dies geschah im Rahmen des im Januar 2025 vorgestellten Wachstumsplans, als Standout Capital eine Mehrheitsbeteiligung an Tjekvik erwarb.  <\/p>\n\n<p class=\"wp-block-paragraph\">Mit seiner Ernennung zum Vorstandsvorsitzenden tritt dieser Plan in die n\u00e4chste Phase ein: das weitere Ausbau des Self-Service-Kernbereichs bei gleichzeitiger Entwicklung der f\u00fchrenden SaaS-Plattform f\u00fcr den Kfz-After-Sales-Bereich.  <\/p>\n\n<p class=\"wp-block-paragraph\">Mitbegr\u00fcnder Christian Mark tritt als CEO zur\u00fcck, nachdem er Tjekvik von den Anf\u00e4ngen als Zwei-Personen-Start-up in Kopenhagen im Jahr 2016 zu einem globalen Team von mehr als 60 Mitarbeitern gef\u00fchrt hat, das H\u00e4ndler in \u00fcber 30 L\u00e4ndern und in mehr als 30 Sprachen betreut. Er wird weiterhin dem Vorstand von Tjekvik angeh\u00f6ren und die Leitung von Tjekvik Ventures \u00fcbernehmen, dem Bereich f\u00fcr neue Unternehmungen der Gruppe, wo er sich auf die Entwicklung der n\u00e4chsten Generation von After-Sales-Produkten konzentrieren wird. <\/p>\n\n<h4 class=\"wp-block-heading\">Konsolidierung und OEM-Anforderungen legen die Messlatte im After-Sales-Bereich h\u00f6her<\/h4>\n\n<p class=\"wp-block-paragraph\">Im After-Sales-Bereich erzielen Franchise-H\u00e4ndler den Gro\u00dfteil ihres Gewinns, dennoch ist dieser Bereich nach wie vor einer der am wenigsten durch Software unterst\u00fctzten Bereiche des Gesch\u00e4fts. Da sich H\u00e4ndlergruppen weiter zusammenschlie\u00dfen und Dutzende von Standorten \u00fcber mehrere Franchise-Marken hinweg verwalten m\u00fcssen, ben\u00f6tigen sie einheitliche, standardisierte Prozesse, die netzwerk\u00fcbergreifend funktionieren. Gleichzeitig legen die Erstausr\u00fcster die Messlatte f\u00fcr ihre Netzwerke in Bezug auf Kundenerlebnis, Transparenz und Berichterstattung stetig h\u00f6her.    <\/p>\n\n<h4 class=\"wp-block-heading\">Von einem einzelnen Moment bis hin zur gesamten Reise<\/h4>\n\n<p class=\"wp-block-paragraph\">Heute decken die Produkte von Tjekvik die entscheidenden Momente eines Servicebesuchs ab, n\u00e4mlich die \u00dcbergabe und die anschlie\u00dfende Abholung des Fahrzeugs durch den Kunden \u2013 sei es im Autohaus oder an Au\u00dfenstandorten, die rund um die Uhr verf\u00fcgbar sind.  <\/p>\n\n<p class=\"wp-block-paragraph\">Unter der Leitung von Martin H\u00f8gh wird Tjekvik \u00fcber diese beiden Phasen hinauswachsen und den gesamten Serviceprozess abdecken, und zwar durch:  <\/p>\n\n<ul class=\"wp-block-list\">\n<li><strong>Gezieltes Upselling<\/strong> \u2013 dem richtigen Kunden zur richtigen Zeit die passenden Zusatzleistungen anzubieten, basierend auf dem Fahrzeug und dessen Historie und nicht auf einer allgemeinen Liste von Zusatzoptionen.  <\/li>\n<\/ul>\n\n<p class=\"wp-block-paragraph\"><\/p>\n\n<ul class=\"wp-block-list\">\n<li><strong>Effizienz in der Werkstatt<\/strong> \u2013 Verringerung des Verwaltungsaufwands f\u00fcr Serviceberater und Techniker, damit mehr Kapazit\u00e4ten f\u00fcr abrechnungsf\u00e4hige T\u00e4tigkeiten genutzt werden k\u00f6nnen.  <\/li>\n<\/ul>\n\n<p class=\"wp-block-paragraph\"><\/p>\n\n<ul class=\"wp-block-list\">\n<li><strong>Konzernweit einheitliche Arbeitsabl\u00e4ufe<\/strong> \u2013 Schaffung eines einheitlichen Kundendienstprozesses und eines einheitlichen Satzes von Performance-Daten f\u00fcr alle Standorte und Franchise-Betriebe, die <strong>der Konzern<\/strong> betreibt.  <\/li>\n<\/ul>\n\n<p class=\"wp-block-paragraph\"><\/p>\n\n<ul class=\"wp-block-list\">\n<li><strong>Intelligente Serviceebene<\/strong> \u2013 Einsatz von KI an Terminals und beim Home-Check-in, um den Serviceprozess intelligenter und individueller zu gestalten, erg\u00e4nzt durch eine offene API, die es H\u00e4ndlern erm\u00f6glicht, Tjekvik mit den von ihnen bereits genutzten Systemen zu verkn\u00fcpfen.  <\/li>\n<\/ul>\n\n<p class=\"wp-block-paragraph\"><\/p>\n\n<p class=\"wp-block-paragraph\">Alle vier Ans\u00e4tze basieren auf derselben Grundlage: einer l\u00fcckenlosen Aufzeichnung aller Ereignisse bei jedem Besuch, die den H\u00e4ndlern eine klare, fahrzeugspezifische Historie liefert, auf deren Grundlage sie ihre n\u00e4chsten Angebote gestalten k\u00f6nnen, anstatt sich auf Vermutungen zu verlassen.  <\/p>\n\n<p class=\"wp-block-paragraph\">Weitere Produktank\u00fcndigungen werden im Laufe dieses Jahres folgen.<\/p>\n\n<h4 class=\"wp-block-heading\">Die Akzeptanz von Selbstbedienungsl\u00f6sungen nimmt weiter zu  <\/h4>\n\n<p class=\"wp-block-paragraph\">In der ersten H\u00e4lfte des Jahres 2026 verzeichnete Tjekvik weltweit mehr als 3 Millionen Selbstbedienungsinteraktionen, was einem Anstieg von rund 25 % gegen\u00fcber dem Vorjahreszeitraum entspricht. An H\u00e4ndlerstandorten, an denen den Kunden diese Wahlm\u00f6glichkeit geboten wurde, checkten mehr als 40 % ihr Fahrzeug bereits vor ihrer Ankunft online ein, und fast jeder F\u00fcnfte nutzte ein Tjekvik-Terminal im Ausstellungsraum, anstatt auf einen Serviceberater zu warten.   <\/p>\n\n<p class=\"wp-block-paragraph\">\u00c5ke Str\u00e5berg, Vorstandsvorsitzender von Tjekvik, erkl\u00e4rte:<\/p>\n\n<blockquote class=\"wp-block-quote is-layout-flow wp-block-quote-is-layout-flow\">\n<p class=\"wp-block-paragraph\"><em>\u201eWas Christian und das Team in den letzten zehn Jahren aufgebaut haben, ist bemerkenswert: eine starke Plattform, ein klares Ziel und ein breites Spektrum an M\u00f6glichkeiten. Wir freuen uns darauf, zu sehen, wie Tjekvik unter Martins F\u00fchrung und mit seiner Vision die Grenzen des M\u00f6glichen in dieser Branche weiter verschiebt.\u201c  <\/em> <\/p>\n<\/blockquote>\n\n<p class=\"wp-block-paragraph\">Christian Mark, Mitbegr\u00fcnder von Tjekvik, f\u00fcgte hinzu:  <\/p>\n\n<blockquote class=\"wp-block-quote is-layout-flow wp-block-quote-is-layout-flow\">\n<p class=\"wp-block-paragraph\">\u201e<em>Ich habe dieses Unternehmen gegr\u00fcndet, weil ich nicht hinnehmen konnte, dass eine Warteschlange am Serviceschalter das Beste war, was ein Kunde an einem Montagmorgen erwarten konnte. Ich hatte zu oft miterlebt, wie meine Kollegen in Spitzenzeiten unter unn\u00f6tigem Druck standen, w\u00e4hrend die Kunden auf einen Vorgang warten mussten, der viel einfacher h\u00e4tte gestaltet werden k\u00f6nnen. <\/em> <\/p>\n<\/blockquote>\n\n<blockquote class=\"wp-block-quote is-layout-flow wp-block-quote-is-layout-flow\">\n<p class=\"wp-block-paragraph\"><em>Zehn Jahre sp\u00e4ter werden Millionen dieser Besuche \u00fcber unsere Software abgewickelt. Der R\u00fccktritt von der Position des CEO bedeutet keine Abkehr von Tjekvik \u2013 es ist der Weg, auf dem sich das Unternehmen weiterentwickelt. Martin verf\u00fcgt \u00fcber den unternehmerischen Instinkt und die Disziplin, um uns von einem starken Produkt zu einer echten Plattform zu f\u00fchren, und ich kann meine Zeit mit dem verbringen, was mir am meisten Spa\u00df macht: dem Aufbau des n\u00e4chsten gro\u00dfen Projekts.  <\/em>.&#8220; <\/p>\n<\/blockquote>\n\n<p class=\"wp-block-paragraph\">Martin N\u00f8rgaard H\u00f8gh, Gesch\u00e4ftsf\u00fchrer von Tjekvik:<\/p>\n\n<blockquote class=\"wp-block-quote is-layout-flow wp-block-quote-is-layout-flow\">\n<p class=\"wp-block-paragraph\"><em>Unser Ziel ist klar definiert: Wir wollen das f\u00fchrende SaaS-Unternehmen im Kfz-After-Sales-Bereich sein und Produkte sowie Dienstleistungen anbieten, die ein H\u00e4ndler w\u00e4hrend der gesamten Customer Journey einsetzen kann \u2013 gezieltes Upselling, eine termingerecht arbeitende Werkstatt und eine einheitliche Arbeitsweise innerhalb der gesamten Unternehmensgruppe.  <\/em><\/p>\n\n\n\n<p class=\"wp-block-paragraph\"><em>Angesichts der sich beschleunigenden Konsolidierung und der Tatsache, dass die Erstausr\u00fcster jedes Jahr h\u00f6here Anforderungen an ihre Vertriebsnetze stellen, ist dies l\u00e4ngst kein \u201eNice-to-have\u201c mehr. Wir verf\u00fcgen \u00fcber mehr als 2.300 H\u00e4ndlerstandorte, verzeichnen j\u00e4hrlich Millionen von Besuchen und besch\u00e4ftigen ein Team von mehr als 60 Mitarbeitern, die sich in dieser Branche bestens auskennen; meine Aufgabe ist es, daraus das digitale Team aufzubauen, das den Kundendienst f\u00fcr sie abwickelt. <\/em>\u201c<\/p>\n<\/blockquote>\n","protected":false},"excerpt":{"rendered":"<p>[KOPENHAGEN, D\u00c4NEMARK, 2. September 2026] \u2013 Tjekvik, dessen Selbstbedienungstechnologie das Ein- und Auschecken von Fahrzeugen bei mehr als 2.300 Vertragsh\u00e4ndlern in \u00fcber 30 L\u00e4ndern erm\u00f6glicht, hat Martin N\u00f8rgaard H\u00f8gh zum Vorstandsvorsitzenden ernannt. Martin H\u00f8gh wechselte im November 2025 als Chief Revenue Officer von dem Autotelematik-Unternehmen Connected Cars zu Tjekvik. Dies geschah im Rahmen des im [&hellip;]<\/p>\n","protected":false},"author":29,"featured_media":27348,"comment_status":"closed","ping_status":"closed","sticky":false,"template":"","format":"standard","meta":{"_acf_changed":false,"_angie_page":false,"page_builder":"","footnotes":""},"categories":[59],"tags":[327,63,214],"class_list":["post-27413","post","type-post","status-publish","format-standard","has-post-thumbnail","hentry","category-nachrichten","tag-ceo","tag-nachrichten","tag-tjekvik-de"],"acf":[],"aioseo_notices":[],"aioseo_head":"\n\t\t<!-- All in One SEO Pro 5.0.1 - aioseo.com -->\n\t<meta name=\"description\" content=\"Tjekvik ernennt einen neuen Vorstandsvorsitzenden, der die n\u00e4chste Wachstumsphase leiten soll, w\u00e4hrend das Unternehmen sein Gesch\u00e4ftsfeld vom digitalen Check-in auf eine Softwareplattform ausweitet, die den gesamten After-Sales-Prozess abdeckt.\" \/>\n\t<meta name=\"robots\" content=\"max-snippet:-1, max-image-preview:large, max-video-preview:-1\" \/>\n\t<meta name=\"author\" content=\"Ana Dragnea\"\/>\n\t<meta name=\"google-site-verification\" content=\"9PXm2QtMM5RDVYRpa-EGrnVOmNWMB8RJJfHjriN0nJQ\" \/>\n\t<link rel=\"canonical\" href=\"https:\/\/tjekvik.com\/de\/blog\/tjekvik-ernennt-neuen-vorstandsvorsitzenden-um-die-expansion-des-unternehmens-ueber-den-selbstbedienungsbereich-hinaus-voranzutreiben\/\" \/>\n\t<meta name=\"generator\" content=\"All in One SEO Pro (AIOSEO) 5.0.1\" \/>\n\t\t<meta property=\"og:locale\" content=\"de_DE\" \/>\n\t\t<meta property=\"og:site_name\" content=\"Tjekvik | Self-Service Solutions for Dealerships\" \/>\n\t\t<meta property=\"og:type\" content=\"article\" \/>\n\t\t<meta property=\"og:title\" content=\"Tjekvik | Tjekvik ernennt neuen Vorstandsvorsitzenden, um die Expansion des Unternehmens \u00fcber den Selbstbedienungsbereich hinaus voranzutreiben\" \/>\n\t\t<meta property=\"og:description\" content=\"Tjekvik ernennt einen neuen Vorstandsvorsitzenden, der die n\u00e4chste Wachstumsphase leiten soll, w\u00e4hrend das Unternehmen sein Gesch\u00e4ftsfeld vom digitalen Check-in auf eine Softwareplattform ausweitet, die den gesamten After-Sales-Prozess abdeckt.\" \/>\n\t\t<meta property=\"og:url\" content=\"https:\/\/tjekvik.com\/de\/blog\/tjekvik-ernennt-neuen-vorstandsvorsitzenden-um-die-expansion-des-unternehmens-ueber-den-selbstbedienungsbereich-hinaus-voranzutreiben\/\" \/>\n\t\t<meta property=\"og:image\" content=\"https:\/\/tjekvik.com\/wp-content\/uploads\/2026\/08\/Rebalaned-Soft-Touch-Color-up-1-scaled.jpg\" \/>\n\t\t<meta property=\"og:image:secure_url\" content=\"https:\/\/tjekvik.com\/wp-content\/uploads\/2026\/08\/Rebalaned-Soft-Touch-Color-up-1-scaled.jpg\" \/>\n\t\t<meta property=\"og:image:width\" content=\"2560\" \/>\n\t\t<meta property=\"og:image:height\" content=\"1706\" \/>\n\t\t<meta property=\"article:published_time\" content=\"2026-09-02T07:17:13+00:00\" \/>\n\t\t<meta property=\"article:modified_time\" content=\"2026-09-02T07:20:09+00:00\" \/>\n\t\t<meta property=\"article:publisher\" content=\"https:\/\/www.facebook.com\/TjekvikAutoinnovationAps\" \/>\n\t\t<meta name=\"twitter:card\" content=\"summary_large_image\" \/>\n\t\t<meta name=\"twitter:title\" content=\"Tjekvik | Tjekvik ernennt neuen Vorstandsvorsitzenden, um die Expansion des Unternehmens \u00fcber den Selbstbedienungsbereich hinaus voranzutreiben\" \/>\n\t\t<meta name=\"twitter:description\" content=\"Tjekvik ernennt einen neuen Vorstandsvorsitzenden, der die n\u00e4chste Wachstumsphase leiten soll, w\u00e4hrend das Unternehmen sein Gesch\u00e4ftsfeld vom digitalen Check-in auf eine Softwareplattform ausweitet, die den gesamten After-Sales-Prozess abdeckt.\" \/>\n\t\t<meta name=\"twitter:image\" content=\"https:\/\/tjekvik.com\/wp-content\/uploads\/2026\/08\/Rebalaned-Soft-Touch-Color-up-1-scaled.jpg\" \/>\n\t\t<script type=\"application\/ld+json\" class=\"aioseo-schema\">\n\t\t\t{\"@context\":\"https:\\\/\\\/schema.org\",\"@graph\":[{\"@type\":\"BlogPosting\",\"@id\":\"https:\\\/\\\/tjekvik.com\\\/de\\\/blog\\\/tjekvik-ernennt-neuen-vorstandsvorsitzenden-um-die-expansion-des-unternehmens-ueber-den-selbstbedienungsbereich-hinaus-voranzutreiben\\\/#blogposting\",\"name\":\"Tjekvik | Tjekvik ernennt neuen Vorstandsvorsitzenden, um die Expansion des Unternehmens \\u00fcber den Selbstbedienungsbereich hinaus voranzutreiben\",\"headline\":\"Tjekvik ernennt neuen Vorstandsvorsitzenden, um die Expansion des Unternehmens \\u00fcber den Selbstbedienungsbereich hinaus voranzutreiben\",\"author\":{\"@id\":\"https:\\\/\\\/tjekvik.com\\\/de\\\/blog\\\/author\\\/agtj448sjl\\\/#author\"},\"publisher\":{\"@id\":\"https:\\\/\\\/tjekvik.com\\\/de\\\/#organization\"},\"image\":{\"@type\":\"ImageObject\",\"url\":\"https:\\\/\\\/tjekvik.com\\\/wp-content\\\/uploads\\\/2026\\\/08\\\/Rebalaned-Soft-Touch-Color-up-1-scaled.jpg\",\"width\":2560,\"height\":1706},\"datePublished\":\"2026-09-02T07:17:13+00:00\",\"dateModified\":\"2026-09-02T07:20:09+00:00\",\"inLanguage\":\"de-DE\",\"mainEntityOfPage\":{\"@id\":\"https:\\\/\\\/tjekvik.com\\\/de\\\/blog\\\/tjekvik-ernennt-neuen-vorstandsvorsitzenden-um-die-expansion-des-unternehmens-ueber-den-selbstbedienungsbereich-hinaus-voranzutreiben\\\/#webpage\"},\"isPartOf\":{\"@id\":\"https:\\\/\\\/tjekvik.com\\\/de\\\/blog\\\/tjekvik-ernennt-neuen-vorstandsvorsitzenden-um-die-expansion-des-unternehmens-ueber-den-selbstbedienungsbereich-hinaus-voranzutreiben\\\/#webpage\"},\"articleSection\":\"Nachrichten, CEO, Nachrichten, Tjekvik, Optional\"},{\"@type\":\"BreadcrumbList\",\"@id\":\"https:\\\/\\\/tjekvik.com\\\/de\\\/blog\\\/tjekvik-ernennt-neuen-vorstandsvorsitzenden-um-die-expansion-des-unternehmens-ueber-den-selbstbedienungsbereich-hinaus-voranzutreiben\\\/#breadcrumblist\",\"itemListElement\":[{\"@type\":\"ListItem\",\"@id\":\"https:\\\/\\\/tjekvik.com\\\/de\\\/#listItem\",\"position\":2,\"name\":\"Home\",\"item\":\"https:\\\/\\\/tjekvik.com\\\/de\\\/\",\"nextItem\":{\"@type\":\"ListItem\",\"@id\":\"https:\\\/\\\/tjekvik.com\\\/de\\\/blog\\\/category\\\/nachrichten\\\/#listItem\",\"name\":\"Nachrichten\"},\"previousItem\":{\"@type\":\"ListItem\",\"@id\":\"#listItem\",\"name\":\"Tjekvik\"}},{\"@type\":\"ListItem\",\"@id\":\"https:\\\/\\\/tjekvik.com\\\/de\\\/blog\\\/category\\\/nachrichten\\\/#listItem\",\"position\":3,\"name\":\"Nachrichten\",\"item\":\"https:\\\/\\\/tjekvik.com\\\/de\\\/blog\\\/category\\\/nachrichten\\\/\",\"nextItem\":{\"@type\":\"ListItem\",\"@id\":\"https:\\\/\\\/tjekvik.com\\\/de\\\/blog\\\/tjekvik-ernennt-neuen-vorstandsvorsitzenden-um-die-expansion-des-unternehmens-ueber-den-selbstbedienungsbereich-hinaus-voranzutreiben\\\/#listItem\",\"name\":\"Tjekvik ernennt neuen Vorstandsvorsitzenden, um die Expansion des Unternehmens \\u00fcber den Selbstbedienungsbereich hinaus voranzutreiben\"},\"previousItem\":{\"@type\":\"ListItem\",\"@id\":\"https:\\\/\\\/tjekvik.com\\\/de\\\/#listItem\",\"name\":\"Home\"}},{\"@type\":\"ListItem\",\"@id\":\"https:\\\/\\\/tjekvik.com\\\/de\\\/blog\\\/tjekvik-ernennt-neuen-vorstandsvorsitzenden-um-die-expansion-des-unternehmens-ueber-den-selbstbedienungsbereich-hinaus-voranzutreiben\\\/#listItem\",\"position\":4,\"name\":\"Tjekvik ernennt neuen Vorstandsvorsitzenden, um die Expansion des Unternehmens \\u00fcber den Selbstbedienungsbereich hinaus voranzutreiben\",\"previousItem\":{\"@type\":\"ListItem\",\"@id\":\"https:\\\/\\\/tjekvik.com\\\/de\\\/blog\\\/category\\\/nachrichten\\\/#listItem\",\"name\":\"Nachrichten\"}}]},{\"@type\":\"Organization\",\"@id\":\"https:\\\/\\\/tjekvik.com\\\/de\\\/#organization\",\"name\":\"Tjekvik\",\"description\":\"Self-Service Solutions for Dealerships\",\"url\":\"https:\\\/\\\/tjekvik.com\\\/de\\\/\",\"telephone\":\"+447470214847\",\"logo\":{\"@type\":\"ImageObject\",\"url\":\"https:\\\/\\\/tjekvik.com\\\/wp-content\\\/uploads\\\/2023\\\/05\\\/TJEKVIK_Brandmark_RGB.png\",\"@id\":\"https:\\\/\\\/tjekvik.com\\\/de\\\/blog\\\/tjekvik-ernennt-neuen-vorstandsvorsitzenden-um-die-expansion-des-unternehmens-ueber-den-selbstbedienungsbereich-hinaus-voranzutreiben\\\/#organizationLogo\",\"width\":473,\"height\":473,\"caption\":\"Tjekvik brand icon\"},\"image\":{\"@id\":\"https:\\\/\\\/tjekvik.com\\\/de\\\/blog\\\/tjekvik-ernennt-neuen-vorstandsvorsitzenden-um-die-expansion-des-unternehmens-ueber-den-selbstbedienungsbereich-hinaus-voranzutreiben\\\/#organizationLogo\"},\"sameAs\":[\"https:\\\/\\\/www.youtube.com\\\/@tjekvik\",\"https:\\\/\\\/www.linkedin.com\\\/company\\\/tjekvik\\\/\"]},{\"@type\":\"Person\",\"@id\":\"https:\\\/\\\/tjekvik.com\\\/de\\\/blog\\\/author\\\/agtj448sjl\\\/#author\",\"url\":\"https:\\\/\\\/tjekvik.com\\\/de\\\/blog\\\/author\\\/agtj448sjl\\\/\",\"name\":\"Ana Dragnea\",\"image\":{\"@type\":\"ImageObject\",\"@id\":\"https:\\\/\\\/tjekvik.com\\\/de\\\/blog\\\/tjekvik-ernennt-neuen-vorstandsvorsitzenden-um-die-expansion-des-unternehmens-ueber-den-selbstbedienungsbereich-hinaus-voranzutreiben\\\/#authorImage\",\"url\":\"https:\\\/\\\/secure.gravatar.com\\\/avatar\\\/566e45fbbe41556202200f5bc526a882858a8c0804bd53df74885bb7b9b271c1?s=96&d=mm&r=g\",\"width\":96,\"height\":96,\"caption\":\"Ana Dragnea\"}},{\"@type\":\"WebPage\",\"@id\":\"https:\\\/\\\/tjekvik.com\\\/de\\\/blog\\\/tjekvik-ernennt-neuen-vorstandsvorsitzenden-um-die-expansion-des-unternehmens-ueber-den-selbstbedienungsbereich-hinaus-voranzutreiben\\\/#webpage\",\"url\":\"https:\\\/\\\/tjekvik.com\\\/de\\\/blog\\\/tjekvik-ernennt-neuen-vorstandsvorsitzenden-um-die-expansion-des-unternehmens-ueber-den-selbstbedienungsbereich-hinaus-voranzutreiben\\\/\",\"name\":\"Tjekvik | Tjekvik ernennt neuen Vorstandsvorsitzenden, um die Expansion des Unternehmens \\u00fcber den Selbstbedienungsbereich hinaus voranzutreiben\",\"description\":\"Tjekvik ernennt einen neuen Vorstandsvorsitzenden, der die n\\u00e4chste Wachstumsphase leiten soll, w\\u00e4hrend das Unternehmen sein Gesch\\u00e4ftsfeld vom digitalen Check-in auf eine Softwareplattform ausweitet, die den gesamten After-Sales-Prozess abdeckt.\",\"inLanguage\":\"de-DE\",\"isPartOf\":{\"@id\":\"https:\\\/\\\/tjekvik.com\\\/de\\\/#website\"},\"breadcrumb\":{\"@id\":\"https:\\\/\\\/tjekvik.com\\\/de\\\/blog\\\/tjekvik-ernennt-neuen-vorstandsvorsitzenden-um-die-expansion-des-unternehmens-ueber-den-selbstbedienungsbereich-hinaus-voranzutreiben\\\/#breadcrumblist\"},\"author\":{\"@id\":\"https:\\\/\\\/tjekvik.com\\\/de\\\/blog\\\/author\\\/agtj448sjl\\\/#author\"},\"creator\":{\"@id\":\"https:\\\/\\\/tjekvik.com\\\/de\\\/blog\\\/author\\\/agtj448sjl\\\/#author\"},\"image\":{\"@type\":\"ImageObject\",\"url\":\"https:\\\/\\\/tjekvik.com\\\/wp-content\\\/uploads\\\/2026\\\/08\\\/Rebalaned-Soft-Touch-Color-up-1-scaled.jpg\",\"@id\":\"https:\\\/\\\/tjekvik.com\\\/de\\\/blog\\\/tjekvik-ernennt-neuen-vorstandsvorsitzenden-um-die-expansion-des-unternehmens-ueber-den-selbstbedienungsbereich-hinaus-voranzutreiben\\\/#mainImage\",\"width\":2560,\"height\":1706},\"primaryImageOfPage\":{\"@id\":\"https:\\\/\\\/tjekvik.com\\\/de\\\/blog\\\/tjekvik-ernennt-neuen-vorstandsvorsitzenden-um-die-expansion-des-unternehmens-ueber-den-selbstbedienungsbereich-hinaus-voranzutreiben\\\/#mainImage\"},\"datePublished\":\"2026-09-02T07:17:13+00:00\",\"dateModified\":\"2026-09-02T07:20:09+00:00\"},{\"@type\":\"WebSite\",\"@id\":\"https:\\\/\\\/tjekvik.com\\\/de\\\/#website\",\"url\":\"https:\\\/\\\/tjekvik.com\\\/de\\\/\",\"name\":\"Tjekvik\",\"description\":\"Self-Service Solutions for Dealerships\",\"inLanguage\":\"de-DE\",\"publisher\":{\"@id\":\"https:\\\/\\\/tjekvik.com\\\/de\\\/#organization\"}}]}\n\t\t<\/script>\n\t\t<!-- All in One SEO Pro -->\r\n\t\t<title>Tjekvik | Tjekvik ernennt neuen Vorstandsvorsitzenden, um die Expansion des Unternehmens \u00fcber den Selbstbedienungsbereich hinaus voranzutreiben<\/title>\n\n","aioseo_head_json":{"title":"Tjekvik | Tjekvik ernennt neuen Vorstandsvorsitzenden, um die Expansion des Unternehmens \u00fcber den Selbstbedienungsbereich hinaus voranzutreiben","description":"Tjekvik ernennt einen neuen Vorstandsvorsitzenden, der die n\u00e4chste Wachstumsphase leiten soll, w\u00e4hrend das Unternehmen sein Gesch\u00e4ftsfeld vom digitalen Check-in auf eine Softwareplattform ausweitet, die den gesamten After-Sales-Prozess abdeckt.","canonical_url":"https:\/\/tjekvik.com\/de\/blog\/tjekvik-ernennt-neuen-vorstandsvorsitzenden-um-die-expansion-des-unternehmens-ueber-den-selbstbedienungsbereich-hinaus-voranzutreiben\/","robots":"max-snippet:-1, max-image-preview:large, max-video-preview:-1","keywords":"","webmasterTools":{"google-site-verification":"9PXm2QtMM5RDVYRpa-EGrnVOmNWMB8RJJfHjriN0nJQ","miscellaneous":""},"schema":{"@context":"https:\/\/schema.org","@graph":[{"@type":"BlogPosting","@id":"https:\/\/tjekvik.com\/de\/blog\/tjekvik-ernennt-neuen-vorstandsvorsitzenden-um-die-expansion-des-unternehmens-ueber-den-selbstbedienungsbereich-hinaus-voranzutreiben\/#blogposting","name":"Tjekvik | Tjekvik ernennt neuen Vorstandsvorsitzenden, um die Expansion des Unternehmens \u00fcber den Selbstbedienungsbereich hinaus voranzutreiben","headline":"Tjekvik ernennt neuen Vorstandsvorsitzenden, um die Expansion des Unternehmens \u00fcber den Selbstbedienungsbereich hinaus voranzutreiben","author":{"@id":"https:\/\/tjekvik.com\/de\/blog\/author\/agtj448sjl\/#author"},"publisher":{"@id":"https:\/\/tjekvik.com\/de\/#organization"},"image":{"@type":"ImageObject","url":"https:\/\/tjekvik.com\/wp-content\/uploads\/2026\/08\/Rebalaned-Soft-Touch-Color-up-1-scaled.jpg","width":2560,"height":1706},"datePublished":"2026-09-02T07:17:13+00:00","dateModified":"2026-09-02T07:20:09+00:00","inLanguage":"de-DE","mainEntityOfPage":{"@id":"https:\/\/tjekvik.com\/de\/blog\/tjekvik-ernennt-neuen-vorstandsvorsitzenden-um-die-expansion-des-unternehmens-ueber-den-selbstbedienungsbereich-hinaus-voranzutreiben\/#webpage"},"isPartOf":{"@id":"https:\/\/tjekvik.com\/de\/blog\/tjekvik-ernennt-neuen-vorstandsvorsitzenden-um-die-expansion-des-unternehmens-ueber-den-selbstbedienungsbereich-hinaus-voranzutreiben\/#webpage"},"articleSection":"Nachrichten, CEO, Nachrichten, Tjekvik, Optional"},{"@type":"BreadcrumbList","@id":"https:\/\/tjekvik.com\/de\/blog\/tjekvik-ernennt-neuen-vorstandsvorsitzenden-um-die-expansion-des-unternehmens-ueber-den-selbstbedienungsbereich-hinaus-voranzutreiben\/#breadcrumblist","itemListElement":[{"@type":"ListItem","@id":"https:\/\/tjekvik.com\/de\/#listItem","position":2,"name":"Home","item":"https:\/\/tjekvik.com\/de\/","nextItem":{"@type":"ListItem","@id":"https:\/\/tjekvik.com\/de\/blog\/category\/nachrichten\/#listItem","name":"Nachrichten"},"previousItem":{"@type":"ListItem","@id":"#listItem","name":"Tjekvik"}},{"@type":"ListItem","@id":"https:\/\/tjekvik.com\/de\/blog\/category\/nachrichten\/#listItem","position":3,"name":"Nachrichten","item":"https:\/\/tjekvik.com\/de\/blog\/category\/nachrichten\/","nextItem":{"@type":"ListItem","@id":"https:\/\/tjekvik.com\/de\/blog\/tjekvik-ernennt-neuen-vorstandsvorsitzenden-um-die-expansion-des-unternehmens-ueber-den-selbstbedienungsbereich-hinaus-voranzutreiben\/#listItem","name":"Tjekvik ernennt neuen Vorstandsvorsitzenden, um die Expansion des Unternehmens \u00fcber den Selbstbedienungsbereich hinaus voranzutreiben"},"previousItem":{"@type":"ListItem","@id":"https:\/\/tjekvik.com\/de\/#listItem","name":"Home"}},{"@type":"ListItem","@id":"https:\/\/tjekvik.com\/de\/blog\/tjekvik-ernennt-neuen-vorstandsvorsitzenden-um-die-expansion-des-unternehmens-ueber-den-selbstbedienungsbereich-hinaus-voranzutreiben\/#listItem","position":4,"name":"Tjekvik ernennt neuen Vorstandsvorsitzenden, um die Expansion des Unternehmens \u00fcber den Selbstbedienungsbereich hinaus voranzutreiben","previousItem":{"@type":"ListItem","@id":"https:\/\/tjekvik.com\/de\/blog\/category\/nachrichten\/#listItem","name":"Nachrichten"}}]},{"@type":"Organization","@id":"https:\/\/tjekvik.com\/de\/#organization","name":"Tjekvik","description":"Self-Service Solutions for Dealerships","url":"https:\/\/tjekvik.com\/de\/","telephone":"+447470214847","logo":{"@type":"ImageObject","url":"https:\/\/tjekvik.com\/wp-content\/uploads\/2023\/05\/TJEKVIK_Brandmark_RGB.png","@id":"https:\/\/tjekvik.com\/de\/blog\/tjekvik-ernennt-neuen-vorstandsvorsitzenden-um-die-expansion-des-unternehmens-ueber-den-selbstbedienungsbereich-hinaus-voranzutreiben\/#organizationLogo","width":473,"height":473,"caption":"Tjekvik brand icon"},"image":{"@id":"https:\/\/tjekvik.com\/de\/blog\/tjekvik-ernennt-neuen-vorstandsvorsitzenden-um-die-expansion-des-unternehmens-ueber-den-selbstbedienungsbereich-hinaus-voranzutreiben\/#organizationLogo"},"sameAs":["https:\/\/www.youtube.com\/@tjekvik","https:\/\/www.linkedin.com\/company\/tjekvik\/"]},{"@type":"Person","@id":"https:\/\/tjekvik.com\/de\/blog\/author\/agtj448sjl\/#author","url":"https:\/\/tjekvik.com\/de\/blog\/author\/agtj448sjl\/","name":"Ana Dragnea","image":{"@type":"ImageObject","@id":"https:\/\/tjekvik.com\/de\/blog\/tjekvik-ernennt-neuen-vorstandsvorsitzenden-um-die-expansion-des-unternehmens-ueber-den-selbstbedienungsbereich-hinaus-voranzutreiben\/#authorImage","url":"https:\/\/secure.gravatar.com\/avatar\/566e45fbbe41556202200f5bc526a882858a8c0804bd53df74885bb7b9b271c1?s=96&d=mm&r=g","width":96,"height":96,"caption":"Ana Dragnea"}},{"@type":"WebPage","@id":"https:\/\/tjekvik.com\/de\/blog\/tjekvik-ernennt-neuen-vorstandsvorsitzenden-um-die-expansion-des-unternehmens-ueber-den-selbstbedienungsbereich-hinaus-voranzutreiben\/#webpage","url":"https:\/\/tjekvik.com\/de\/blog\/tjekvik-ernennt-neuen-vorstandsvorsitzenden-um-die-expansion-des-unternehmens-ueber-den-selbstbedienungsbereich-hinaus-voranzutreiben\/","name":"Tjekvik | Tjekvik ernennt neuen Vorstandsvorsitzenden, um die Expansion des Unternehmens \u00fcber den Selbstbedienungsbereich hinaus voranzutreiben","description":"Tjekvik ernennt einen neuen Vorstandsvorsitzenden, der die n\u00e4chste Wachstumsphase leiten soll, w\u00e4hrend das Unternehmen sein Gesch\u00e4ftsfeld vom digitalen Check-in auf eine Softwareplattform ausweitet, die den gesamten After-Sales-Prozess abdeckt.","inLanguage":"de-DE","isPartOf":{"@id":"https:\/\/tjekvik.com\/de\/#website"},"breadcrumb":{"@id":"https:\/\/tjekvik.com\/de\/blog\/tjekvik-ernennt-neuen-vorstandsvorsitzenden-um-die-expansion-des-unternehmens-ueber-den-selbstbedienungsbereich-hinaus-voranzutreiben\/#breadcrumblist"},"author":{"@id":"https:\/\/tjekvik.com\/de\/blog\/author\/agtj448sjl\/#author"},"creator":{"@id":"https:\/\/tjekvik.com\/de\/blog\/author\/agtj448sjl\/#author"},"image":{"@type":"ImageObject","url":"https:\/\/tjekvik.com\/wp-content\/uploads\/2026\/08\/Rebalaned-Soft-Touch-Color-up-1-scaled.jpg","@id":"https:\/\/tjekvik.com\/de\/blog\/tjekvik-ernennt-neuen-vorstandsvorsitzenden-um-die-expansion-des-unternehmens-ueber-den-selbstbedienungsbereich-hinaus-voranzutreiben\/#mainImage","width":2560,"height":1706},"primaryImageOfPage":{"@id":"https:\/\/tjekvik.com\/de\/blog\/tjekvik-ernennt-neuen-vorstandsvorsitzenden-um-die-expansion-des-unternehmens-ueber-den-selbstbedienungsbereich-hinaus-voranzutreiben\/#mainImage"},"datePublished":"2026-09-02T07:17:13+00:00","dateModified":"2026-09-02T07:20:09+00:00"},{"@type":"WebSite","@id":"https:\/\/tjekvik.com\/de\/#website","url":"https:\/\/tjekvik.com\/de\/","name":"Tjekvik","description":"Self-Service Solutions for Dealerships","inLanguage":"de-DE","publisher":{"@id":"https:\/\/tjekvik.com\/de\/#organization"}}]},"og:locale":"de_DE","og:site_name":"Tjekvik | Self-Service Solutions for Dealerships","og:type":"article","og:title":"Tjekvik | Tjekvik ernennt neuen Vorstandsvorsitzenden, um die Expansion des Unternehmens \u00fcber den Selbstbedienungsbereich hinaus voranzutreiben","og:description":"Tjekvik ernennt einen neuen Vorstandsvorsitzenden, der die n\u00e4chste Wachstumsphase leiten soll, w\u00e4hrend das Unternehmen sein Gesch\u00e4ftsfeld vom digitalen Check-in auf eine Softwareplattform ausweitet, die den gesamten After-Sales-Prozess abdeckt.","og:url":"https:\/\/tjekvik.com\/de\/blog\/tjekvik-ernennt-neuen-vorstandsvorsitzenden-um-die-expansion-des-unternehmens-ueber-den-selbstbedienungsbereich-hinaus-voranzutreiben\/","og:image":"https:\/\/tjekvik.com\/wp-content\/uploads\/2026\/08\/Rebalaned-Soft-Touch-Color-up-1-scaled.jpg","og:image:secure_url":"https:\/\/tjekvik.com\/wp-content\/uploads\/2026\/08\/Rebalaned-Soft-Touch-Color-up-1-scaled.jpg","og:image:width":2560,"og:image:height":1706,"article:published_time":"2026-09-02T07:17:13+00:00","article:modified_time":"2026-09-02T07:20:09+00:00","article:publisher":"https:\/\/www.facebook.com\/TjekvikAutoinnovationAps","twitter:card":"summary_large_image","twitter:title":"Tjekvik | Tjekvik ernennt neuen Vorstandsvorsitzenden, um die Expansion des Unternehmens \u00fcber den Selbstbedienungsbereich hinaus voranzutreiben","twitter:description":"Tjekvik ernennt einen neuen Vorstandsvorsitzenden, der die n\u00e4chste Wachstumsphase leiten soll, w\u00e4hrend das Unternehmen sein Gesch\u00e4ftsfeld vom digitalen Check-in auf eine Softwareplattform ausweitet, die den gesamten After-Sales-Prozess abdeckt.","twitter:image":"https:\/\/tjekvik.com\/wp-content\/uploads\/2026\/08\/Rebalaned-Soft-Touch-Color-up-1-scaled.jpg"},"aioseo_meta_data":{"post_id":"27413","title":null,"description":"Tjekvik ernennt einen neuen Vorstandsvorsitzenden, der die n\u00e4chste Wachstumsphase leiten soll, w\u00e4hrend das Unternehmen sein Gesch\u00e4ftsfeld vom digitalen Check-in auf eine Softwareplattform ausweitet, die den gesamten After-Sales-Prozess abdeckt.","keywords":null,"keyphrases":{"focus":{"keyphrase":"CEO","score":0,"analysis":[]},"additional":[{"keyphrase":"CEO","score":0},{"keyphrase":"Chief Executive Officer,","score":0},{"keyphrase":"aftersales","score":0}]},"primary_term":null,"canonical_url":null,"og_title":null,"og_description":null,"og_object_type":"default","og_image_type":"default","og_image_url":null,"og_image_width":null,"og_image_height":null,"og_image_custom_url":null,"og_image_custom_fields":null,"og_video":"","og_custom_url":null,"og_article_section":null,"og_article_tags":null,"twitter_use_og":false,"twitter_card":"default","twitter_image_type":"default","twitter_image_url":null,"twitter_image_custom_url":null,"twitter_image_custom_fields":null,"twitter_title":null,"twitter_description":null,"schema":{"blockGraphs":[],"customGraphs":[],"default":{"data":{"Article":[],"Course":[],"Dataset":[],"FAQPage":[],"Movie":[],"Person":[],"Product":[],"ProductReview":[],"Car":[],"Recipe":[],"Service":[],"SoftwareApplication":[],"WebPage":[]},"graphName":"BlogPosting","isEnabled":true},"graphs":[]},"schema_type":"default","schema_type_options":null,"pillar_content":false,"robots_default":true,"robots_noindex":false,"robots_noarchive":false,"robots_nosnippet":false,"robots_nofollow":false,"robots_noimageindex":false,"robots_noodp":false,"robots_notranslate":false,"robots_max_snippet":"-1","robots_max_videopreview":"-1","robots_max_imagepreview":"large","priority":null,"frequency":"default","local_seo":null,"seo_analyzer_scan_date":"2026-09-02 08:00:19","breadcrumb_settings":null,"limit_modified_date":false,"open_ai":null,"ai":{"faqs":[],"keyPoints":[],"schemas":[],"titles":[],"descriptions":[],"socialPosts":{"email":{"subject":"","preview":"","content":""},"linkedin":[],"twitter":[],"facebook":[],"instagram":[]}},"created":"2026-09-02 07:20:08","updated":"2026-09-02 08:00:19","focus_keyword":"CEO","additional_keywords":[{"word":"CEO","score":69,"items":{"introductionKeyword":{"score":3},"keyphraseLength":{"score":9},"keyphraseDensity":{"score":4},"functionWordsInKeyphrase":{"score":9},"textCompetingLinks":{"score":9},"imageKeyphrase":{"score":3}}},{"word":"Chief Executive Officer,","score":89,"items":{"introductionKeyword":{"score":9},"keyphraseLength":{"score":9},"keyphraseDensity":{"score":9},"functionWordsInKeyphrase":{"score":9},"textCompetingLinks":{"score":9},"imageKeyphrase":{"score":3}}},{"word":"aftersales","score":89,"items":{"introductionKeyword":{"score":9},"keyphraseLength":{"score":9},"keyphraseDensity":{"score":9},"functionWordsInKeyphrase":{"score":9},"textCompetingLinks":{"score":9},"imageKeyphrase":{"score":3}}}],"truseo_locale":null},"aioseo_breadcrumb":"<div class=\"aioseo-breadcrumbs\"><span class=\"aioseo-breadcrumb\">\n\tTjekvik\n<\/span><span class=\"aioseo-breadcrumb-separator\">|<\/span><span class=\"aioseo-breadcrumb\">\n\t<a href=\"https:\/\/tjekvik.com\/de\/\" title=\"Home\">Home<\/a>\n<\/span><span class=\"aioseo-breadcrumb-separator\">|<\/span><span class=\"aioseo-breadcrumb\">\n\t<a href=\"https:\/\/tjekvik.com\/de\/blog\/category\/nachrichten\/\" title=\"Nachrichten\">Nachrichten<\/a>\n<\/span><span class=\"aioseo-breadcrumb-separator\">|<\/span><span class=\"aioseo-breadcrumb\">\n\tTjekvik ernennt neuen Vorstandsvorsitzenden, um die Expansion des Unternehmens \u00fcber den Selbstbedienungsbereich hinaus voranzutreiben\n<\/span><\/div>","aioseo_breadcrumb_json":[{"label":"Tjekvik","link":""},{"label":"Home","link":"https:\/\/tjekvik.com\/de\/"},{"label":"Nachrichten","link":"https:\/\/tjekvik.com\/de\/blog\/category\/nachrichten\/"},{"label":"Tjekvik ernennt neuen Vorstandsvorsitzenden, um die Expansion des Unternehmens \u00fcber den Selbstbedienungsbereich hinaus voranzutreiben","link":"https:\/\/tjekvik.com\/de\/blog\/tjekvik-ernennt-neuen-vorstandsvorsitzenden-um-die-expansion-des-unternehmens-ueber-den-selbstbedienungsbereich-hinaus-voranzutreiben\/"}],"_links":{"self":[{"href":"https:\/\/tjekvik.com\/de\/wp-json\/wp\/v2\/posts\/27413","targetHints":{"allow":["GET"]}}],"collection":[{"href":"https:\/\/tjekvik.com\/de\/wp-json\/wp\/v2\/posts"}],"about":[{"href":"https:\/\/tjekvik.com\/de\/wp-json\/wp\/v2\/types\/post"}],"author":[{"embeddable":true,"href":"https:\/\/tjekvik.com\/de\/wp-json\/wp\/v2\/users\/29"}],"replies":[{"embeddable":true,"href":"https:\/\/tjekvik.com\/de\/wp-json\/wp\/v2\/comments?post=27413"}],"version-history":[{"count":1,"href":"https:\/\/tjekvik.com\/de\/wp-json\/wp\/v2\/posts\/27413\/revisions"}],"predecessor-version":[{"id":27414,"href":"https:\/\/tjekvik.com\/de\/wp-json\/wp\/v2\/posts\/27413\/revisions\/27414"}],"wp:featuredmedia":[{"embeddable":true,"href":"https:\/\/tjekvik.com\/de\/wp-json\/wp\/v2\/media\/27348"}],"wp:attachment":[{"href":"https:\/\/tjekvik.com\/de\/wp-json\/wp\/v2\/media?parent=27413"}],"wp:term":[{"taxonomy":"category","embeddable":true,"href":"https:\/\/tjekvik.com\/de\/wp-json\/wp\/v2\/categories?post=27413"},{"taxonomy":"post_tag","embeddable":true,"href":"https:\/\/tjekvik.com\/de\/wp-json\/wp\/v2\/tags?post=27413"}],"curies":[{"name":"wp","href":"https:\/\/api.w.org\/{rel}","templated":true}]}}