{"id":27418,"date":"2026-09-02T07:17:13","date_gmt":"2026-09-02T07:17:13","guid":{"rendered":"https:\/\/tjekvik.com\/blog\/tjekvik-mianuje-nowego-dyrektora-generalnego-ktory-poprowadzi-ekspansje-firmy-poza-obszar-samoobslugi\/"},"modified":"2026-09-02T07:20:20","modified_gmt":"2026-09-02T07:20:20","slug":"tjekvik-mianuje-nowego-dyrektora-generalnego-ktory-poprowadzi-ekspansje-firmy-poza-obszar-samoobslugi","status":"publish","type":"post","link":"https:\/\/tjekvik.com\/pl\/blog\/tjekvik-mianuje-nowego-dyrektora-generalnego-ktory-poprowadzi-ekspansje-firmy-poza-obszar-samoobslugi\/","title":{"rendered":"Tjekvik mianuje nowego dyrektora generalnego, kt\u00f3ry poprowadzi ekspansj\u0119 firmy poza obszar samoobs\u0142ugi"},"content":{"rendered":"\n<ul class=\"wp-block-list\">\n<li><em><a href=\"https:\/\/www.linkedin.com\/in\/martin-hogh\/\" target=\"_blank\" rel=\"noopener\" title=\"\">Martin N\u00f8rgaard H\u00f8gh<\/a> zosta\u0142 mianowany dyrektorem generalnym, aby kierowa\u0107 kolejnym etapem rozwoju firmy Tjekvik w zwi\u0105zku z rozszerzeniem dzia\u0142alno\u015bci z cyfrowych us\u0142ug odprawy i wymeldowania na platform\u0119 oprogramowania obejmuj\u0105c\u0105 ca\u0142y proces obs\u0142ugi posprzeda\u017cowej;<\/em> <\/li>\n<\/ul>\n\n<p class=\"wp-block-paragraph\"><\/p>\n\n<ul class=\"wp-block-list\">\n<li><em><em>Wsp\u00f3\u0142za\u0142o\u017cyciel Christian Mark ust\u0119puje ze stanowiska dyrektora generalnego po dziesi\u0119ciu latach kierowania firm\u0105, pozostaj\u0105c jednak w zarz\u0105dzie Tjekvik i obejmuj\u0105c stanowisko dyrektora Tjekvik Ventures, oddzia\u0142u grupy zajmuj\u0105cego si\u0119 nowymi przedsi\u0119wzi\u0119ciami;<\/em> <\/em><\/li>\n<\/ul>\n\n<p class=\"wp-block-paragraph\"><\/p>\n\n<ul class=\"wp-block-list\">\n<li><em><em>Ta nominacja stanowi kolejny etap realizacji planu rozwoju firmy, opracowanego przez g\u0142\u00f3wnego udzia\u0142owca \u2013 Standout Capital.<\/em> <\/em><\/li>\n<\/ul>\n\n<p class=\"wp-block-paragraph\"><\/p>\n\n<hr class=\"wp-block-separator has-alpha-channel-opacity is-style-dots\"\/>\n\n<p class=\"wp-block-paragraph\"><\/p>\n\n<p class=\"wp-block-paragraph\"><strong>[KOPENHAGA, DANIA, 2 wrze\u015bnia 2026 r.]<\/strong> \u2013 Firma Tjekvik, kt\u00f3rej technologia samoobs\u0142ugowa umo\u017cliwia rejestracj\u0119 i odbi\u00f3r pojazd\u00f3w w ponad 2 300 autoryzowanych salonach dealerskich w ponad 30 krajach, mianowa\u0142a Martina N\u00f8rgaarda H\u00f8gha na stanowisko dyrektora generalnego.  <\/p>\n\n<p class=\"wp-block-paragraph\">Martin H\u00f8gh do\u0142\u0105czy\u0142 do firmy Tjekvik jako dyrektor ds. przychod\u00f3w w listopadzie 2025 r., przechodz\u0105c z firmy Connected Cars zajmuj\u0105cej si\u0119 telematyk\u0105 samochodow\u0105. By\u0142o to cz\u0119\u015bci\u0105 planu rozwoju og\u0142oszonego w styczniu 2025 r., kiedy to Standout Capital naby\u0142o wi\u0119kszo\u015bciowy pakiet udzia\u0142\u00f3w w Tjekvik.  <\/p>\n\n<p class=\"wp-block-paragraph\">Jego mianowanie na stanowisko dyrektora generalnego oznacza przej\u015bcie tego planu do kolejnego etapu: dalszy rozw\u00f3j podstawowej dzia\u0142alno\u015bci w zakresie samoobs\u0142ugi przy jednoczesnym budowaniu wok\u00f3\u0142 niej wiod\u0105cej platformy SaaS dla rynku posprzeda\u017cowego bran\u017cy motoryzacyjnej.  <\/p>\n\n<p class=\"wp-block-paragraph\">Wsp\u00f3\u0142za\u0142o\u017cyciel Christian Mark ust\u0119puje ze stanowiska dyrektora generalnego po tym, jak kierowa\u0142 firm\u0105 Tjekvik od momentu jej powstania w 2016 roku w Kopenhadze jako dwuosobowego start-upu do momentu, gdy sta\u0142a si\u0119 globalnym zespo\u0142em licz\u0105cym ponad 60 os\u00f3b, obs\u0142uguj\u0105cym dealer\u00f3w w ponad 30 krajach i w ponad 30 j\u0119zykach. Pozostanie on cz\u0142onkiem zarz\u0105du Tjekvik i obejmie stanowisko dyrektora Tjekvik Ventures, oddzia\u0142u grupy zajmuj\u0105cego si\u0119 nowymi przedsi\u0119wzi\u0119ciami, gdzie skoncentruje si\u0119 na opracowywaniu produkt\u00f3w posprzeda\u017cowych nowej generacji. <\/p>\n\n<h4 class=\"wp-block-heading\">Konsolidacja i wymagania producent\u00f3w OEM podnosz\u0105 poprzeczk\u0119 w sektorze posprzeda\u017cowym<\/h4>\n\n<p class=\"wp-block-paragraph\">Obs\u0142uga posprzeda\u017cowa to obszar, w kt\u00f3rym autoryzowani dealerzy generuj\u0105 wi\u0119kszo\u015b\u0107 swoich zysk\u00f3w, a mimo to pozostaje ona jedn\u0105 z najmniej zautomatyzowanych pod wzgl\u0119dem oprogramowania cz\u0119\u015bci dzia\u0142alno\u015bci. W miar\u0119 jak grupy dealerskie przechodz\u0105 konsolidacj\u0119 i musz\u0105 zarz\u0105dza\u0107 dziesi\u0105tkami plac\u00f3wek w ramach kilku marek, potrzebuj\u0105 sp\u00f3jnych, ustandaryzowanych proces\u00f3w, kt\u00f3re sprawdzaj\u0105 si\u0119 w ca\u0142ej sieci. Jednocze\u015bnie producenci OEM systematycznie podnosz\u0105 poprzeczk\u0119 dla swoich sieci w zakresie obs\u0142ugi klienta, przejrzysto\u015bci i sprawozdawczo\u015bci.    <\/p>\n\n<h4 class=\"wp-block-heading\">Od jednej chwili do ca\u0142ej podr\u00f3\u017cy<\/h4>\n\n<p class=\"wp-block-paragraph\">Obecnie produkty firmy Tjekvik obejmuj\u0105 kluczowe etapy wizyty serwisowej, kiedy klient przekazuje, a nast\u0119pnie odbiera sw\u00f3j pojazd \u2013 zar\u00f3wno w salonie, jak i w punktach zewn\u0119trznych dost\u0119pnych przez ca\u0142\u0105 dob\u0119, siedem dni w tygodniu.  <\/p>\n\n<p class=\"wp-block-paragraph\">Pod kierownictwem Martina H\u00f8gha firma Tjekvik wykroczy poza te dwa etapy, oferuj\u0105c kompleksow\u0105 obs\u0142ug\u0119 na ka\u017cdym etapie:  <\/p>\n\n<ul class=\"wp-block-list\">\n<li><strong>Ukierunkowana sprzeda\u017c dodatkowa<\/strong> \u2013 proponowanie odpowiednich us\u0142ug dodatkowych w\u0142a\u015bciwemu klientowi we w\u0142a\u015bciwym czasie, w oparciu o model pojazdu i jego histori\u0119, a nie o og\u00f3ln\u0105 list\u0119 opcji dodatkowych.  <\/li>\n<\/ul>\n\n<p class=\"wp-block-paragraph\"><\/p>\n\n<ul class=\"wp-block-list\">\n<li><strong>Wydajno\u015b\u0107 warsztatu<\/strong> \u2013 zmniejszenie obci\u0105\u017cenia administracyjnego doradc\u00f3w serwisowych i technik\u00f3w, aby mogli po\u015bwi\u0119ci\u0107 wi\u0119cej czasu na prace rozliczane.  <\/li>\n<\/ul>\n\n<p class=\"wp-block-paragraph\"><\/p>\n\n<ul class=\"wp-block-list\">\n<li><strong>Ujednolicone procesy robocze w ca\u0142ej grupie<\/strong> \u2013 stworzenie jednego sp\u00f3jnego procesu obs\u0142ugi posprzeda\u017cowej oraz jednego zestawu danych dotycz\u0105cych Performance we wszystkich plac\u00f3wkach i franczyzach prowadzonych przez grup\u0119.  <\/li>\n<\/ul>\n\n<p class=\"wp-block-paragraph\"><\/p>\n\n<ul class=\"wp-block-list\">\n<li><strong>Inteligentna warstwa us\u0142ugowa<\/strong> \u2013 wykorzystanie sztucznej inteligencji w kioskach i podczas odprawy domowej w celu zapewnienia bardziej inteligentnej i spersonalizowanej obs\u0142ugi, a tak\u017ce otwarty interfejs API, kt\u00f3ry umo\u017cliwia dealerom po\u0142\u0105czenie platformy Tjekvik z systemami, z kt\u00f3rych ju\u017c korzystaj\u0105.  <\/li>\n<\/ul>\n\n<p class=\"wp-block-paragraph\"><\/p>\n\n<p class=\"wp-block-paragraph\">Wszystkie cztery podej\u015bcia opieraj\u0105 si\u0119 na tej samej podstawie: kompletnym zapisie tego, co dzia\u0142o si\u0119 podczas ka\u017cdej wizyty, co zapewnia dealerom przejrzyst\u0105 histori\u0119 konkretnego pojazdu, na podstawie kt\u00f3rej mog\u0105 ustala\u0107 kolejne propozycje, zamiast polega\u0107 na domys\u0142ach.  <\/p>\n\n<p class=\"wp-block-paragraph\">W dalszej cz\u0119\u015bci roku pojawi\u0105 si\u0119 kolejne zapowiedzi produkt\u00f3w.<\/p>\n\n<h4 class=\"wp-block-heading\">Wykorzystanie rozwi\u0105za\u0144 samoobs\u0142ugowych wci\u0105\u017c ro\u015bnie  <\/h4>\n\n<p class=\"wp-block-paragraph\">W pierwszej po\u0142owie 2026 roku firma Tjekvik obs\u0142u\u017cy\u0142a na ca\u0142ym \u015bwiecie ponad 3 miliony interakcji w trybie samoobs\u0142ugowym, co stanowi wzrost o oko\u0142o 25% w por\u00f3wnaniu z tym samym okresem ubieg\u0142ego roku. W salonach dealerskich, w kt\u00f3rych klienci mieli tak\u0105 mo\u017cliwo\u015b\u0107, ponad 40% z nich zarejestrowa\u0142o sw\u00f3j pojazd online przed przybyciem, a prawie co pi\u0105ty skorzysta\u0142 z kiosku Tjekvik w salonie, zamiast czeka\u0107 na spotkanie z doradc\u0105 serwisowym.   <\/p>\n\n<p class=\"wp-block-paragraph\">\u00c5ke Str\u00e5berg, prezes zarz\u0105du firmy Tjekvik, powiedzia\u0142:<\/p>\n\n<blockquote class=\"wp-block-quote is-layout-flow wp-block-quote-is-layout-flow\">\n<p class=\"wp-block-paragraph\"><em>\u201eTo, co Christian i jego zesp\u00f3\u0142 zbudowali w ci\u0105gu ostatnich dziesi\u0119ciu lat, jest niezwyk\u0142e: solidna platforma, jasno okre\u015blony cel oraz szerokie horyzonty mo\u017cliwo\u015bci. Cieszymy si\u0119, \u017ce firma Tjekvik b\u0119dzie nadal przesuwa\u0107 granice tego, co jest mo\u017cliwe w tej bran\u017cy, pod kierownictwem Martina i zgodnie z jego wizj\u0105\u201d.  <\/em> <\/p>\n<\/blockquote>\n\n<p class=\"wp-block-paragraph\">Wsp\u00f3\u0142za\u0142o\u017cyciel firmy Tjekvik, Christian Mark, doda\u0142:  <\/p>\n\n<blockquote class=\"wp-block-quote is-layout-flow wp-block-quote-is-layout-flow\">\n<p class=\"wp-block-paragraph\">\u201e<em>Za\u0142o\u017cy\u0142em t\u0119 firm\u0119, poniewa\u017c nie mog\u0142em pogodzi\u0107 si\u0119 z tym, \u017ce kolejka przy punkcie obs\u0142ugi by\u0142a najlepszym, czego klient m\u00f3g\u0142 si\u0119 spodziewa\u0107 w poniedzia\u0142kowy poranek. Widzia\u0142em zbyt wielu moich wsp\u00f3\u0142pracownik\u00f3w borykaj\u0105cych si\u0119 z niepotrzebn\u0105 presj\u0105 w godzinach szczytu, podczas gdy klienci musieli czeka\u0107 na za\u0142atwienie sprawy, kt\u00f3ra mog\u0142aby przebiega\u0107 o wiele pro\u015bciej. <\/em> <\/p>\n<\/blockquote>\n\n<blockquote class=\"wp-block-quote is-layout-flow wp-block-quote-is-layout-flow\">\n<p class=\"wp-block-paragraph\"><em>Dziesi\u0119\u0107 lat p\u00f3\u017aniej miliony tych odwiedzin s\u0105 obs\u0142ugiwane przez nasze oprogramowanie. Rezygnacja z funkcji dyrektora generalnego nie oznacza odej\u015bcia z firmy Tjekvik \u2013 to spos\u00f3b, w jaki firma nadal si\u0119 rozwija. Martin posiada instynkt biznesowy i dyscyplin\u0119, kt\u00f3re pozwol\u0105 nam przekszta\u0142ci\u0107 nasz silny produkt w prawdziw\u0105 platform\u0119, a ja mog\u0119 po\u015bwi\u0119ci\u0107 sw\u00f3j czas na to, co lubi\u0119 najbardziej, czyli tworzenie kolejnego wielkiego projektu.  <\/em>.&#8221; <\/p>\n<\/blockquote>\n\n<p class=\"wp-block-paragraph\">Martin N\u00f8rgaard H\u00f8gh, dyrektor generalny firmy Tjekvik:<\/p>\n\n<blockquote class=\"wp-block-quote is-layout-flow wp-block-quote-is-layout-flow\">\n<p class=\"wp-block-paragraph\"><em>Nasza ambicja jest prosta: chcemy by\u0107 wiod\u0105c\u0105 firm\u0105 SaaS w bran\u017cy posprzeda\u017cowej motoryzacyjnej, oferuj\u0105c\u0105 produkty i us\u0142ugi, z kt\u00f3rych dealerzy korzystaj\u0105 na ka\u017cdym etapie relacji z klientem \u2013 od ukierunkowanej sprzeda\u017cy dodatkowej, przez warsztat dzia\u0142aj\u0105cy zgodnie z harmonogramem, a\u017c po sp\u00f3jny spos\u00f3b pracy w ca\u0142ej grupie.  <\/em><\/p>\n\n\n\n<p class=\"wp-block-paragraph\"><em>W obliczu przyspieszaj\u0105cej konsolidacji i rosn\u0105cych z roku na rok wymaga\u0144 producent\u00f3w OEM wobec ich sieci, nie jest to ju\u017c tylko mi\u0142y dodatek. Dysponujemy ponad 2 300 punktami dealerskimi, milionami odwiedzin rocznie oraz zespo\u0142em ponad 60 os\u00f3b znaj\u0105cych si\u0119 na tej bran\u017cy; moim zadaniem jest przekszta\u0142cenie tego w zesp\u00f3\u0142 cyfrowy, kt\u00f3ry b\u0119dzie dla nich obs\u0142ugiwa\u0142 obs\u0142ug\u0119 posprzeda\u017cow\u0105. <\/em>\u201d<\/p>\n<\/blockquote>\n","protected":false},"excerpt":{"rendered":"<p>[KOPENHAGA, DANIA, 2 wrze\u015bnia 2026 r.] \u2013 Firma Tjekvik, kt\u00f3rej technologia samoobs\u0142ugowa umo\u017cliwia rejestracj\u0119 i odbi\u00f3r pojazd\u00f3w w ponad 2 300 autoryzowanych salonach dealerskich w ponad 30 krajach, mianowa\u0142a Martina N\u00f8rgaarda H\u00f8gha na stanowisko dyrektora generalnego. Martin H\u00f8gh do\u0142\u0105czy\u0142 do firmy Tjekvik jako dyrektor ds. przychod\u00f3w w listopadzie 2025 r., przechodz\u0105c z firmy Connected Cars [&hellip;]<\/p>\n","protected":false},"author":29,"featured_media":27350,"comment_status":"closed","ping_status":"closed","sticky":false,"template":"","format":"standard","meta":{"_acf_changed":false,"_angie_page":false,"page_builder":"","footnotes":""},"categories":[61],"tags":[65,329,212],"class_list":["post-27418","post","type-post","status-publish","format-standard","has-post-thumbnail","hentry","category-aktualnosci","tag-aktualnosci","tag-prezes-zarzadu","tag-tjekvik-pl"],"acf":[],"aioseo_notices":[],"aioseo_head":"\n\t\t<!-- All in One SEO Pro 5.0.1 - aioseo.com -->\n\t<meta name=\"description\" content=\"Firma Tjekvik mianowa\u0142a nowego dyrektora generalnego, kt\u00f3ry poprowadzi kolejn\u0105 faz\u0119 rozwoju, w ramach kt\u00f3rej firma rozszerza swoj\u0105 dzia\u0142alno\u015b\u0107 z cyfrowego odprawiania na platform\u0119 oprogramowania obejmuj\u0105c\u0105 ca\u0142y proces obs\u0142ugi posprzeda\u017cowej.\" \/>\n\t<meta name=\"robots\" content=\"max-snippet:-1, max-image-preview:large, max-video-preview:-1\" \/>\n\t<meta name=\"author\" content=\"Ana Dragnea\"\/>\n\t<meta name=\"google-site-verification\" content=\"9PXm2QtMM5RDVYRpa-EGrnVOmNWMB8RJJfHjriN0nJQ\" \/>\n\t<link rel=\"canonical\" href=\"https:\/\/tjekvik.com\/pl\/blog\/tjekvik-mianuje-nowego-dyrektora-generalnego-ktory-poprowadzi-ekspansje-firmy-poza-obszar-samoobslugi\/\" \/>\n\t<meta name=\"generator\" content=\"All in One SEO Pro (AIOSEO) 5.0.1\" \/>\n\t\t<meta property=\"og:locale\" content=\"pl_PL\" \/>\n\t\t<meta property=\"og:site_name\" content=\"Tjekvik | Self-Service Solutions for Dealerships\" \/>\n\t\t<meta property=\"og:type\" content=\"article\" \/>\n\t\t<meta property=\"og:title\" content=\"Tjekvik | Tjekvik mianuje nowego dyrektora generalnego, kt\u00f3ry poprowadzi ekspansj\u0119 firmy poza obszar samoobs\u0142ugi\" \/>\n\t\t<meta property=\"og:description\" content=\"Firma Tjekvik mianowa\u0142a nowego dyrektora generalnego, kt\u00f3ry poprowadzi kolejn\u0105 faz\u0119 rozwoju, w ramach kt\u00f3rej firma rozszerza swoj\u0105 dzia\u0142alno\u015b\u0107 z cyfrowego odprawiania na platform\u0119 oprogramowania obejmuj\u0105c\u0105 ca\u0142y proces obs\u0142ugi posprzeda\u017cowej.\" \/>\n\t\t<meta property=\"og:url\" content=\"https:\/\/tjekvik.com\/pl\/blog\/tjekvik-mianuje-nowego-dyrektora-generalnego-ktory-poprowadzi-ekspansje-firmy-poza-obszar-samoobslugi\/\" \/>\n\t\t<meta property=\"og:image\" content=\"https:\/\/tjekvik.com\/wp-content\/uploads\/2026\/08\/Rebalaned-Soft-Touch-Color-up-1-scaled.jpg\" \/>\n\t\t<meta property=\"og:image:secure_url\" content=\"https:\/\/tjekvik.com\/wp-content\/uploads\/2026\/08\/Rebalaned-Soft-Touch-Color-up-1-scaled.jpg\" \/>\n\t\t<meta property=\"og:image:width\" content=\"2560\" \/>\n\t\t<meta property=\"og:image:height\" content=\"1706\" \/>\n\t\t<meta property=\"article:published_time\" content=\"2026-09-02T07:17:13+00:00\" \/>\n\t\t<meta property=\"article:modified_time\" content=\"2026-09-02T07:20:20+00:00\" \/>\n\t\t<meta property=\"article:publisher\" content=\"https:\/\/www.facebook.com\/TjekvikAutoinnovationAps\" \/>\n\t\t<meta name=\"twitter:card\" content=\"summary_large_image\" \/>\n\t\t<meta name=\"twitter:title\" content=\"Tjekvik | Tjekvik mianuje nowego dyrektora generalnego, kt\u00f3ry poprowadzi ekspansj\u0119 firmy poza obszar samoobs\u0142ugi\" \/>\n\t\t<meta name=\"twitter:description\" content=\"Firma Tjekvik mianowa\u0142a nowego dyrektora generalnego, kt\u00f3ry poprowadzi kolejn\u0105 faz\u0119 rozwoju, w ramach kt\u00f3rej firma rozszerza swoj\u0105 dzia\u0142alno\u015b\u0107 z cyfrowego odprawiania na platform\u0119 oprogramowania obejmuj\u0105c\u0105 ca\u0142y proces obs\u0142ugi posprzeda\u017cowej.\" \/>\n\t\t<meta name=\"twitter:image\" content=\"https:\/\/tjekvik.com\/wp-content\/uploads\/2026\/08\/Rebalaned-Soft-Touch-Color-up-1-scaled.jpg\" \/>\n\t\t<script type=\"application\/ld+json\" class=\"aioseo-schema\">\n\t\t\t{\"@context\":\"https:\\\/\\\/schema.org\",\"@graph\":[{\"@type\":\"BlogPosting\",\"@id\":\"https:\\\/\\\/tjekvik.com\\\/pl\\\/blog\\\/tjekvik-mianuje-nowego-dyrektora-generalnego-ktory-poprowadzi-ekspansje-firmy-poza-obszar-samoobslugi\\\/#blogposting\",\"name\":\"Tjekvik | Tjekvik mianuje nowego dyrektora generalnego, kt\\u00f3ry poprowadzi ekspansj\\u0119 firmy poza obszar samoobs\\u0142ugi\",\"headline\":\"Tjekvik mianuje nowego dyrektora generalnego, kt\\u00f3ry poprowadzi ekspansj\\u0119 firmy poza obszar samoobs\\u0142ugi\",\"author\":{\"@id\":\"https:\\\/\\\/tjekvik.com\\\/pl\\\/blog\\\/author\\\/agtj448sjl\\\/#author\"},\"publisher\":{\"@id\":\"https:\\\/\\\/tjekvik.com\\\/pl\\\/#organization\"},\"image\":{\"@type\":\"ImageObject\",\"url\":\"https:\\\/\\\/tjekvik.com\\\/wp-content\\\/uploads\\\/2026\\\/08\\\/Rebalaned-Soft-Touch-Color-up-1-scaled.jpg\",\"width\":2560,\"height\":1706},\"datePublished\":\"2026-09-02T07:17:13+00:00\",\"dateModified\":\"2026-09-02T07:20:20+00:00\",\"inLanguage\":\"pl-PL\",\"mainEntityOfPage\":{\"@id\":\"https:\\\/\\\/tjekvik.com\\\/pl\\\/blog\\\/tjekvik-mianuje-nowego-dyrektora-generalnego-ktory-poprowadzi-ekspansje-firmy-poza-obszar-samoobslugi\\\/#webpage\"},\"isPartOf\":{\"@id\":\"https:\\\/\\\/tjekvik.com\\\/pl\\\/blog\\\/tjekvik-mianuje-nowego-dyrektora-generalnego-ktory-poprowadzi-ekspansje-firmy-poza-obszar-samoobslugi\\\/#webpage\"},\"articleSection\":\"Aktualno\\u015bci, Aktualno\\u015bci, prezes zarz\\u0105du, Tjekvik, Opcjonalne\"},{\"@type\":\"BreadcrumbList\",\"@id\":\"https:\\\/\\\/tjekvik.com\\\/pl\\\/blog\\\/tjekvik-mianuje-nowego-dyrektora-generalnego-ktory-poprowadzi-ekspansje-firmy-poza-obszar-samoobslugi\\\/#breadcrumblist\",\"itemListElement\":[{\"@type\":\"ListItem\",\"@id\":\"https:\\\/\\\/tjekvik.com\\\/pl\\\/#listItem\",\"position\":2,\"name\":\"Home\",\"item\":\"https:\\\/\\\/tjekvik.com\\\/pl\\\/\",\"nextItem\":{\"@type\":\"ListItem\",\"@id\":\"https:\\\/\\\/tjekvik.com\\\/pl\\\/blog\\\/category\\\/aktualnosci\\\/#listItem\",\"name\":\"Aktualno\\u015bci\"},\"previousItem\":{\"@type\":\"ListItem\",\"@id\":\"#listItem\",\"name\":\"Tjekvik\"}},{\"@type\":\"ListItem\",\"@id\":\"https:\\\/\\\/tjekvik.com\\\/pl\\\/blog\\\/category\\\/aktualnosci\\\/#listItem\",\"position\":3,\"name\":\"Aktualno\\u015bci\",\"item\":\"https:\\\/\\\/tjekvik.com\\\/pl\\\/blog\\\/category\\\/aktualnosci\\\/\",\"nextItem\":{\"@type\":\"ListItem\",\"@id\":\"https:\\\/\\\/tjekvik.com\\\/pl\\\/blog\\\/tjekvik-mianuje-nowego-dyrektora-generalnego-ktory-poprowadzi-ekspansje-firmy-poza-obszar-samoobslugi\\\/#listItem\",\"name\":\"Tjekvik mianuje nowego dyrektora generalnego, kt\\u00f3ry poprowadzi ekspansj\\u0119 firmy poza obszar samoobs\\u0142ugi\"},\"previousItem\":{\"@type\":\"ListItem\",\"@id\":\"https:\\\/\\\/tjekvik.com\\\/pl\\\/#listItem\",\"name\":\"Home\"}},{\"@type\":\"ListItem\",\"@id\":\"https:\\\/\\\/tjekvik.com\\\/pl\\\/blog\\\/tjekvik-mianuje-nowego-dyrektora-generalnego-ktory-poprowadzi-ekspansje-firmy-poza-obszar-samoobslugi\\\/#listItem\",\"position\":4,\"name\":\"Tjekvik mianuje nowego dyrektora generalnego, kt\\u00f3ry poprowadzi ekspansj\\u0119 firmy poza obszar samoobs\\u0142ugi\",\"previousItem\":{\"@type\":\"ListItem\",\"@id\":\"https:\\\/\\\/tjekvik.com\\\/pl\\\/blog\\\/category\\\/aktualnosci\\\/#listItem\",\"name\":\"Aktualno\\u015bci\"}}]},{\"@type\":\"Organization\",\"@id\":\"https:\\\/\\\/tjekvik.com\\\/pl\\\/#organization\",\"name\":\"Tjekvik\",\"description\":\"Self-Service Solutions for Dealerships\",\"url\":\"https:\\\/\\\/tjekvik.com\\\/pl\\\/\",\"telephone\":\"+447470214847\",\"logo\":{\"@type\":\"ImageObject\",\"url\":\"https:\\\/\\\/tjekvik.com\\\/wp-content\\\/uploads\\\/2023\\\/05\\\/TJEKVIK_Brandmark_RGB.png\",\"@id\":\"https:\\\/\\\/tjekvik.com\\\/pl\\\/blog\\\/tjekvik-mianuje-nowego-dyrektora-generalnego-ktory-poprowadzi-ekspansje-firmy-poza-obszar-samoobslugi\\\/#organizationLogo\",\"width\":473,\"height\":473,\"caption\":\"Tjekvik brand icon\"},\"image\":{\"@id\":\"https:\\\/\\\/tjekvik.com\\\/pl\\\/blog\\\/tjekvik-mianuje-nowego-dyrektora-generalnego-ktory-poprowadzi-ekspansje-firmy-poza-obszar-samoobslugi\\\/#organizationLogo\"},\"sameAs\":[\"https:\\\/\\\/www.youtube.com\\\/@tjekvik\",\"https:\\\/\\\/www.linkedin.com\\\/company\\\/tjekvik\\\/\"]},{\"@type\":\"Person\",\"@id\":\"https:\\\/\\\/tjekvik.com\\\/pl\\\/blog\\\/author\\\/agtj448sjl\\\/#author\",\"url\":\"https:\\\/\\\/tjekvik.com\\\/pl\\\/blog\\\/author\\\/agtj448sjl\\\/\",\"name\":\"Ana Dragnea\",\"image\":{\"@type\":\"ImageObject\",\"@id\":\"https:\\\/\\\/tjekvik.com\\\/pl\\\/blog\\\/tjekvik-mianuje-nowego-dyrektora-generalnego-ktory-poprowadzi-ekspansje-firmy-poza-obszar-samoobslugi\\\/#authorImage\",\"url\":\"https:\\\/\\\/secure.gravatar.com\\\/avatar\\\/566e45fbbe41556202200f5bc526a882858a8c0804bd53df74885bb7b9b271c1?s=96&d=mm&r=g\",\"width\":96,\"height\":96,\"caption\":\"Ana Dragnea\"}},{\"@type\":\"WebPage\",\"@id\":\"https:\\\/\\\/tjekvik.com\\\/pl\\\/blog\\\/tjekvik-mianuje-nowego-dyrektora-generalnego-ktory-poprowadzi-ekspansje-firmy-poza-obszar-samoobslugi\\\/#webpage\",\"url\":\"https:\\\/\\\/tjekvik.com\\\/pl\\\/blog\\\/tjekvik-mianuje-nowego-dyrektora-generalnego-ktory-poprowadzi-ekspansje-firmy-poza-obszar-samoobslugi\\\/\",\"name\":\"Tjekvik | Tjekvik mianuje nowego dyrektora generalnego, kt\\u00f3ry poprowadzi ekspansj\\u0119 firmy poza obszar samoobs\\u0142ugi\",\"description\":\"Firma Tjekvik mianowa\\u0142a nowego dyrektora generalnego, kt\\u00f3ry poprowadzi kolejn\\u0105 faz\\u0119 rozwoju, w ramach kt\\u00f3rej firma rozszerza swoj\\u0105 dzia\\u0142alno\\u015b\\u0107 z cyfrowego odprawiania na platform\\u0119 oprogramowania obejmuj\\u0105c\\u0105 ca\\u0142y proces obs\\u0142ugi posprzeda\\u017cowej.\",\"inLanguage\":\"pl-PL\",\"isPartOf\":{\"@id\":\"https:\\\/\\\/tjekvik.com\\\/pl\\\/#website\"},\"breadcrumb\":{\"@id\":\"https:\\\/\\\/tjekvik.com\\\/pl\\\/blog\\\/tjekvik-mianuje-nowego-dyrektora-generalnego-ktory-poprowadzi-ekspansje-firmy-poza-obszar-samoobslugi\\\/#breadcrumblist\"},\"author\":{\"@id\":\"https:\\\/\\\/tjekvik.com\\\/pl\\\/blog\\\/author\\\/agtj448sjl\\\/#author\"},\"creator\":{\"@id\":\"https:\\\/\\\/tjekvik.com\\\/pl\\\/blog\\\/author\\\/agtj448sjl\\\/#author\"},\"image\":{\"@type\":\"ImageObject\",\"url\":\"https:\\\/\\\/tjekvik.com\\\/wp-content\\\/uploads\\\/2026\\\/08\\\/Rebalaned-Soft-Touch-Color-up-1-scaled.jpg\",\"@id\":\"https:\\\/\\\/tjekvik.com\\\/pl\\\/blog\\\/tjekvik-mianuje-nowego-dyrektora-generalnego-ktory-poprowadzi-ekspansje-firmy-poza-obszar-samoobslugi\\\/#mainImage\",\"width\":2560,\"height\":1706},\"primaryImageOfPage\":{\"@id\":\"https:\\\/\\\/tjekvik.com\\\/pl\\\/blog\\\/tjekvik-mianuje-nowego-dyrektora-generalnego-ktory-poprowadzi-ekspansje-firmy-poza-obszar-samoobslugi\\\/#mainImage\"},\"datePublished\":\"2026-09-02T07:17:13+00:00\",\"dateModified\":\"2026-09-02T07:20:20+00:00\"},{\"@type\":\"WebSite\",\"@id\":\"https:\\\/\\\/tjekvik.com\\\/pl\\\/#website\",\"url\":\"https:\\\/\\\/tjekvik.com\\\/pl\\\/\",\"name\":\"Tjekvik\",\"description\":\"Self-Service Solutions for Dealerships\",\"inLanguage\":\"pl-PL\",\"publisher\":{\"@id\":\"https:\\\/\\\/tjekvik.com\\\/pl\\\/#organization\"}}]}\n\t\t<\/script>\n\t\t<!-- All in One SEO Pro -->\r\n\t\t<title>Tjekvik | Tjekvik mianuje nowego dyrektora generalnego, kt\u00f3ry poprowadzi ekspansj\u0119 firmy poza obszar samoobs\u0142ugi<\/title>\n\n","aioseo_head_json":{"title":"Tjekvik | Tjekvik mianuje nowego dyrektora generalnego, kt\u00f3ry poprowadzi ekspansj\u0119 firmy poza obszar samoobs\u0142ugi","description":"Firma Tjekvik mianowa\u0142a nowego dyrektora generalnego, kt\u00f3ry poprowadzi kolejn\u0105 faz\u0119 rozwoju, w ramach kt\u00f3rej firma rozszerza swoj\u0105 dzia\u0142alno\u015b\u0107 z cyfrowego odprawiania na platform\u0119 oprogramowania obejmuj\u0105c\u0105 ca\u0142y proces obs\u0142ugi posprzeda\u017cowej.","canonical_url":"https:\/\/tjekvik.com\/pl\/blog\/tjekvik-mianuje-nowego-dyrektora-generalnego-ktory-poprowadzi-ekspansje-firmy-poza-obszar-samoobslugi\/","robots":"max-snippet:-1, max-image-preview:large, max-video-preview:-1","keywords":"","webmasterTools":{"google-site-verification":"9PXm2QtMM5RDVYRpa-EGrnVOmNWMB8RJJfHjriN0nJQ","miscellaneous":""},"schema":{"@context":"https:\/\/schema.org","@graph":[{"@type":"BlogPosting","@id":"https:\/\/tjekvik.com\/pl\/blog\/tjekvik-mianuje-nowego-dyrektora-generalnego-ktory-poprowadzi-ekspansje-firmy-poza-obszar-samoobslugi\/#blogposting","name":"Tjekvik | Tjekvik mianuje nowego dyrektora generalnego, kt\u00f3ry poprowadzi ekspansj\u0119 firmy poza obszar samoobs\u0142ugi","headline":"Tjekvik mianuje nowego dyrektora generalnego, kt\u00f3ry poprowadzi ekspansj\u0119 firmy poza obszar samoobs\u0142ugi","author":{"@id":"https:\/\/tjekvik.com\/pl\/blog\/author\/agtj448sjl\/#author"},"publisher":{"@id":"https:\/\/tjekvik.com\/pl\/#organization"},"image":{"@type":"ImageObject","url":"https:\/\/tjekvik.com\/wp-content\/uploads\/2026\/08\/Rebalaned-Soft-Touch-Color-up-1-scaled.jpg","width":2560,"height":1706},"datePublished":"2026-09-02T07:17:13+00:00","dateModified":"2026-09-02T07:20:20+00:00","inLanguage":"pl-PL","mainEntityOfPage":{"@id":"https:\/\/tjekvik.com\/pl\/blog\/tjekvik-mianuje-nowego-dyrektora-generalnego-ktory-poprowadzi-ekspansje-firmy-poza-obszar-samoobslugi\/#webpage"},"isPartOf":{"@id":"https:\/\/tjekvik.com\/pl\/blog\/tjekvik-mianuje-nowego-dyrektora-generalnego-ktory-poprowadzi-ekspansje-firmy-poza-obszar-samoobslugi\/#webpage"},"articleSection":"Aktualno\u015bci, Aktualno\u015bci, prezes zarz\u0105du, Tjekvik, Opcjonalne"},{"@type":"BreadcrumbList","@id":"https:\/\/tjekvik.com\/pl\/blog\/tjekvik-mianuje-nowego-dyrektora-generalnego-ktory-poprowadzi-ekspansje-firmy-poza-obszar-samoobslugi\/#breadcrumblist","itemListElement":[{"@type":"ListItem","@id":"https:\/\/tjekvik.com\/pl\/#listItem","position":2,"name":"Home","item":"https:\/\/tjekvik.com\/pl\/","nextItem":{"@type":"ListItem","@id":"https:\/\/tjekvik.com\/pl\/blog\/category\/aktualnosci\/#listItem","name":"Aktualno\u015bci"},"previousItem":{"@type":"ListItem","@id":"#listItem","name":"Tjekvik"}},{"@type":"ListItem","@id":"https:\/\/tjekvik.com\/pl\/blog\/category\/aktualnosci\/#listItem","position":3,"name":"Aktualno\u015bci","item":"https:\/\/tjekvik.com\/pl\/blog\/category\/aktualnosci\/","nextItem":{"@type":"ListItem","@id":"https:\/\/tjekvik.com\/pl\/blog\/tjekvik-mianuje-nowego-dyrektora-generalnego-ktory-poprowadzi-ekspansje-firmy-poza-obszar-samoobslugi\/#listItem","name":"Tjekvik mianuje nowego dyrektora generalnego, kt\u00f3ry poprowadzi ekspansj\u0119 firmy poza obszar samoobs\u0142ugi"},"previousItem":{"@type":"ListItem","@id":"https:\/\/tjekvik.com\/pl\/#listItem","name":"Home"}},{"@type":"ListItem","@id":"https:\/\/tjekvik.com\/pl\/blog\/tjekvik-mianuje-nowego-dyrektora-generalnego-ktory-poprowadzi-ekspansje-firmy-poza-obszar-samoobslugi\/#listItem","position":4,"name":"Tjekvik mianuje nowego dyrektora generalnego, kt\u00f3ry poprowadzi ekspansj\u0119 firmy poza obszar samoobs\u0142ugi","previousItem":{"@type":"ListItem","@id":"https:\/\/tjekvik.com\/pl\/blog\/category\/aktualnosci\/#listItem","name":"Aktualno\u015bci"}}]},{"@type":"Organization","@id":"https:\/\/tjekvik.com\/pl\/#organization","name":"Tjekvik","description":"Self-Service Solutions for Dealerships","url":"https:\/\/tjekvik.com\/pl\/","telephone":"+447470214847","logo":{"@type":"ImageObject","url":"https:\/\/tjekvik.com\/wp-content\/uploads\/2023\/05\/TJEKVIK_Brandmark_RGB.png","@id":"https:\/\/tjekvik.com\/pl\/blog\/tjekvik-mianuje-nowego-dyrektora-generalnego-ktory-poprowadzi-ekspansje-firmy-poza-obszar-samoobslugi\/#organizationLogo","width":473,"height":473,"caption":"Tjekvik brand icon"},"image":{"@id":"https:\/\/tjekvik.com\/pl\/blog\/tjekvik-mianuje-nowego-dyrektora-generalnego-ktory-poprowadzi-ekspansje-firmy-poza-obszar-samoobslugi\/#organizationLogo"},"sameAs":["https:\/\/www.youtube.com\/@tjekvik","https:\/\/www.linkedin.com\/company\/tjekvik\/"]},{"@type":"Person","@id":"https:\/\/tjekvik.com\/pl\/blog\/author\/agtj448sjl\/#author","url":"https:\/\/tjekvik.com\/pl\/blog\/author\/agtj448sjl\/","name":"Ana Dragnea","image":{"@type":"ImageObject","@id":"https:\/\/tjekvik.com\/pl\/blog\/tjekvik-mianuje-nowego-dyrektora-generalnego-ktory-poprowadzi-ekspansje-firmy-poza-obszar-samoobslugi\/#authorImage","url":"https:\/\/secure.gravatar.com\/avatar\/566e45fbbe41556202200f5bc526a882858a8c0804bd53df74885bb7b9b271c1?s=96&d=mm&r=g","width":96,"height":96,"caption":"Ana Dragnea"}},{"@type":"WebPage","@id":"https:\/\/tjekvik.com\/pl\/blog\/tjekvik-mianuje-nowego-dyrektora-generalnego-ktory-poprowadzi-ekspansje-firmy-poza-obszar-samoobslugi\/#webpage","url":"https:\/\/tjekvik.com\/pl\/blog\/tjekvik-mianuje-nowego-dyrektora-generalnego-ktory-poprowadzi-ekspansje-firmy-poza-obszar-samoobslugi\/","name":"Tjekvik | Tjekvik mianuje nowego dyrektora generalnego, kt\u00f3ry poprowadzi ekspansj\u0119 firmy poza obszar samoobs\u0142ugi","description":"Firma Tjekvik mianowa\u0142a nowego dyrektora generalnego, kt\u00f3ry poprowadzi kolejn\u0105 faz\u0119 rozwoju, w ramach kt\u00f3rej firma rozszerza swoj\u0105 dzia\u0142alno\u015b\u0107 z cyfrowego odprawiania na platform\u0119 oprogramowania obejmuj\u0105c\u0105 ca\u0142y proces obs\u0142ugi posprzeda\u017cowej.","inLanguage":"pl-PL","isPartOf":{"@id":"https:\/\/tjekvik.com\/pl\/#website"},"breadcrumb":{"@id":"https:\/\/tjekvik.com\/pl\/blog\/tjekvik-mianuje-nowego-dyrektora-generalnego-ktory-poprowadzi-ekspansje-firmy-poza-obszar-samoobslugi\/#breadcrumblist"},"author":{"@id":"https:\/\/tjekvik.com\/pl\/blog\/author\/agtj448sjl\/#author"},"creator":{"@id":"https:\/\/tjekvik.com\/pl\/blog\/author\/agtj448sjl\/#author"},"image":{"@type":"ImageObject","url":"https:\/\/tjekvik.com\/wp-content\/uploads\/2026\/08\/Rebalaned-Soft-Touch-Color-up-1-scaled.jpg","@id":"https:\/\/tjekvik.com\/pl\/blog\/tjekvik-mianuje-nowego-dyrektora-generalnego-ktory-poprowadzi-ekspansje-firmy-poza-obszar-samoobslugi\/#mainImage","width":2560,"height":1706},"primaryImageOfPage":{"@id":"https:\/\/tjekvik.com\/pl\/blog\/tjekvik-mianuje-nowego-dyrektora-generalnego-ktory-poprowadzi-ekspansje-firmy-poza-obszar-samoobslugi\/#mainImage"},"datePublished":"2026-09-02T07:17:13+00:00","dateModified":"2026-09-02T07:20:20+00:00"},{"@type":"WebSite","@id":"https:\/\/tjekvik.com\/pl\/#website","url":"https:\/\/tjekvik.com\/pl\/","name":"Tjekvik","description":"Self-Service Solutions for Dealerships","inLanguage":"pl-PL","publisher":{"@id":"https:\/\/tjekvik.com\/pl\/#organization"}}]},"og:locale":"pl_PL","og:site_name":"Tjekvik | Self-Service Solutions for Dealerships","og:type":"article","og:title":"Tjekvik | Tjekvik mianuje nowego dyrektora generalnego, kt\u00f3ry poprowadzi ekspansj\u0119 firmy poza obszar samoobs\u0142ugi","og:description":"Firma Tjekvik mianowa\u0142a nowego dyrektora generalnego, kt\u00f3ry poprowadzi kolejn\u0105 faz\u0119 rozwoju, w ramach kt\u00f3rej firma rozszerza swoj\u0105 dzia\u0142alno\u015b\u0107 z cyfrowego odprawiania na platform\u0119 oprogramowania obejmuj\u0105c\u0105 ca\u0142y proces obs\u0142ugi posprzeda\u017cowej.","og:url":"https:\/\/tjekvik.com\/pl\/blog\/tjekvik-mianuje-nowego-dyrektora-generalnego-ktory-poprowadzi-ekspansje-firmy-poza-obszar-samoobslugi\/","og:image":"https:\/\/tjekvik.com\/wp-content\/uploads\/2026\/08\/Rebalaned-Soft-Touch-Color-up-1-scaled.jpg","og:image:secure_url":"https:\/\/tjekvik.com\/wp-content\/uploads\/2026\/08\/Rebalaned-Soft-Touch-Color-up-1-scaled.jpg","og:image:width":2560,"og:image:height":1706,"article:published_time":"2026-09-02T07:17:13+00:00","article:modified_time":"2026-09-02T07:20:20+00:00","article:publisher":"https:\/\/www.facebook.com\/TjekvikAutoinnovationAps","twitter:card":"summary_large_image","twitter:title":"Tjekvik | Tjekvik mianuje nowego dyrektora generalnego, kt\u00f3ry poprowadzi ekspansj\u0119 firmy poza obszar samoobs\u0142ugi","twitter:description":"Firma Tjekvik mianowa\u0142a nowego dyrektora generalnego, kt\u00f3ry poprowadzi kolejn\u0105 faz\u0119 rozwoju, w ramach kt\u00f3rej firma rozszerza swoj\u0105 dzia\u0142alno\u015b\u0107 z cyfrowego odprawiania na platform\u0119 oprogramowania obejmuj\u0105c\u0105 ca\u0142y proces obs\u0142ugi posprzeda\u017cowej.","twitter:image":"https:\/\/tjekvik.com\/wp-content\/uploads\/2026\/08\/Rebalaned-Soft-Touch-Color-up-1-scaled.jpg"},"aioseo_meta_data":{"post_id":"27418","title":null,"description":"Firma Tjekvik mianowa\u0142a nowego dyrektora generalnego, kt\u00f3ry poprowadzi kolejn\u0105 faz\u0119 rozwoju, w ramach kt\u00f3rej firma rozszerza swoj\u0105 dzia\u0142alno\u015b\u0107 z cyfrowego odprawiania na platform\u0119 oprogramowania obejmuj\u0105c\u0105 ca\u0142y proces obs\u0142ugi posprzeda\u017cowej.","keywords":null,"keyphrases":{"focus":{"keyphrase":"CEO","score":0,"analysis":[]},"additional":[{"keyphrase":"CEO","score":0},{"keyphrase":"Chief Executive Officer,","score":0},{"keyphrase":"aftersales","score":0}]},"primary_term":null,"canonical_url":null,"og_title":null,"og_description":null,"og_object_type":"default","og_image_type":"default","og_image_url":null,"og_image_width":null,"og_image_height":null,"og_image_custom_url":null,"og_image_custom_fields":null,"og_video":"","og_custom_url":null,"og_article_section":null,"og_article_tags":null,"twitter_use_og":false,"twitter_card":"default","twitter_image_type":"default","twitter_image_url":null,"twitter_image_custom_url":null,"twitter_image_custom_fields":null,"twitter_title":null,"twitter_description":null,"schema":{"blockGraphs":[],"customGraphs":[],"default":{"data":{"Article":[],"Course":[],"Dataset":[],"FAQPage":[],"Movie":[],"Person":[],"Product":[],"ProductReview":[],"Car":[],"Recipe":[],"Service":[],"SoftwareApplication":[],"WebPage":[]},"graphName":"BlogPosting","isEnabled":true},"graphs":[]},"schema_type":"default","schema_type_options":null,"pillar_content":false,"robots_default":true,"robots_noindex":false,"robots_noarchive":false,"robots_nosnippet":false,"robots_nofollow":false,"robots_noimageindex":false,"robots_noodp":false,"robots_notranslate":false,"robots_max_snippet":"-1","robots_max_videopreview":"-1","robots_max_imagepreview":"large","priority":null,"frequency":"default","local_seo":null,"seo_analyzer_scan_date":"2026-09-02 10:00:26","breadcrumb_settings":null,"limit_modified_date":false,"open_ai":null,"ai":{"faqs":[],"keyPoints":[],"schemas":[],"titles":[],"descriptions":[],"socialPosts":{"email":{"subject":"","preview":"","content":""},"linkedin":[],"twitter":[],"facebook":[],"instagram":[]}},"created":"2026-09-02 07:20:19","updated":"2026-09-02 10:00:26","focus_keyword":"CEO","additional_keywords":[{"word":"CEO","score":69,"items":{"introductionKeyword":{"score":3},"keyphraseLength":{"score":9},"keyphraseDensity":{"score":4},"functionWordsInKeyphrase":{"score":9},"textCompetingLinks":{"score":9},"imageKeyphrase":{"score":3}}},{"word":"Chief Executive Officer,","score":89,"items":{"introductionKeyword":{"score":9},"keyphraseLength":{"score":9},"keyphraseDensity":{"score":9},"functionWordsInKeyphrase":{"score":9},"textCompetingLinks":{"score":9},"imageKeyphrase":{"score":3}}},{"word":"aftersales","score":89,"items":{"introductionKeyword":{"score":9},"keyphraseLength":{"score":9},"keyphraseDensity":{"score":9},"functionWordsInKeyphrase":{"score":9},"textCompetingLinks":{"score":9},"imageKeyphrase":{"score":3}}}],"truseo_locale":null},"aioseo_breadcrumb":"<div class=\"aioseo-breadcrumbs\"><span class=\"aioseo-breadcrumb\">\n\tTjekvik\n<\/span><span class=\"aioseo-breadcrumb-separator\">|<\/span><span class=\"aioseo-breadcrumb\">\n\t<a href=\"https:\/\/tjekvik.com\/pl\/\" title=\"Home\">Home<\/a>\n<\/span><span class=\"aioseo-breadcrumb-separator\">|<\/span><span class=\"aioseo-breadcrumb\">\n\t<a href=\"https:\/\/tjekvik.com\/pl\/blog\/category\/aktualnosci\/\" title=\"Aktualno\u015bci\">Aktualno\u015bci<\/a>\n<\/span><span class=\"aioseo-breadcrumb-separator\">|<\/span><span class=\"aioseo-breadcrumb\">\n\tTjekvik mianuje nowego dyrektora generalnego, kt\u00f3ry poprowadzi ekspansj\u0119 firmy poza obszar samoobs\u0142ugi\n<\/span><\/div>","aioseo_breadcrumb_json":[{"label":"Tjekvik","link":""},{"label":"Home","link":"https:\/\/tjekvik.com\/pl\/"},{"label":"Aktualno\u015bci","link":"https:\/\/tjekvik.com\/pl\/blog\/category\/aktualnosci\/"},{"label":"Tjekvik mianuje nowego dyrektora generalnego, kt\u00f3ry poprowadzi ekspansj\u0119 firmy poza obszar samoobs\u0142ugi","link":"https:\/\/tjekvik.com\/pl\/blog\/tjekvik-mianuje-nowego-dyrektora-generalnego-ktory-poprowadzi-ekspansje-firmy-poza-obszar-samoobslugi\/"}],"_links":{"self":[{"href":"https:\/\/tjekvik.com\/pl\/wp-json\/wp\/v2\/posts\/27418","targetHints":{"allow":["GET"]}}],"collection":[{"href":"https:\/\/tjekvik.com\/pl\/wp-json\/wp\/v2\/posts"}],"about":[{"href":"https:\/\/tjekvik.com\/pl\/wp-json\/wp\/v2\/types\/post"}],"author":[{"embeddable":true,"href":"https:\/\/tjekvik.com\/pl\/wp-json\/wp\/v2\/users\/29"}],"replies":[{"embeddable":true,"href":"https:\/\/tjekvik.com\/pl\/wp-json\/wp\/v2\/comments?post=27418"}],"version-history":[{"count":1,"href":"https:\/\/tjekvik.com\/pl\/wp-json\/wp\/v2\/posts\/27418\/revisions"}],"predecessor-version":[{"id":27419,"href":"https:\/\/tjekvik.com\/pl\/wp-json\/wp\/v2\/posts\/27418\/revisions\/27419"}],"wp:featuredmedia":[{"embeddable":true,"href":"https:\/\/tjekvik.com\/pl\/wp-json\/wp\/v2\/media\/27350"}],"wp:attachment":[{"href":"https:\/\/tjekvik.com\/pl\/wp-json\/wp\/v2\/media?parent=27418"}],"wp:term":[{"taxonomy":"category","embeddable":true,"href":"https:\/\/tjekvik.com\/pl\/wp-json\/wp\/v2\/categories?post=27418"},{"taxonomy":"post_tag","embeddable":true,"href":"https:\/\/tjekvik.com\/pl\/wp-json\/wp\/v2\/tags?post=27418"}],"curies":[{"name":"wp","href":"https:\/\/api.w.org\/{rel}","templated":true}]}}